{"id":28748,"date":"2026-01-30T09:26:45","date_gmt":"2026-01-30T12:26:45","guid":{"rendered":"https:\/\/tribunalbrasilia.com.br\/?p=28748"},"modified":"2026-01-30T09:26:45","modified_gmt":"2026-01-30T12:26:45","slug":"incendio-destroi-casebre-proximo-a-upa-do-nucleo-bandeirante","status":"publish","type":"post","link":"https:\/\/jornalcandango.com.br\/?p=28748","title":{"rendered":"Inc\u00eandio destr\u00f3i casebre pr\u00f3ximo \u00e0 UPA do N\u00facleo Bandeirante"},"content":{"rendered":"\n<h2 class=\"wp-block-heading\">Fogo atingiu resid\u00eancia de madeira no Setor Placa da Mercedes<\/h2>\n\n\n\n<p><small>Bombeiros combatem inc\u00eandio em casebre no N\u00facleo Bandeirante &#8211; (cr\u00e9dito: CBMDF\/Divulga\u00e7\u00e3o)<\/small><\/p>\n\n\n\n<p>Um inc\u00eandio de grandes propor\u00e7\u00f5es destruiu um casebre de madeira, no Setor Placa da Mercedes, nas proximidades da Unidade de Pronto Atendimento (UPA), do&nbsp;<a href=\"https:\/\/www.correiobraziliense.com.br\/cidades-df\/2026\/01\/7342176-policia-mira-rearticulacao-do-trafico-na-vila-cauhy.html\" target=\"_blank\" rel=\"noreferrer noopener\">N\u00facleo Bandeirante<\/a>. As chamas consumiram rapidamente a edifica\u00e7\u00e3o e produziram grande quantidade de fuma\u00e7a, chamando a aten\u00e7\u00e3o de moradores da regi\u00e3o. Apesar da intensidade do fogo, ningu\u00e9m ficou ferido e n\u00e3o havia pessoas ou animais no im\u00f3vel no momento do incidente.<\/p>\n\n\n\n<p>O&nbsp;<a href=\"https:\/\/www.correiobraziliense.com.br\/cidades-df\/2026\/01\/7343473-incendio-atinge-residencia-em-sao-sebastiao.html\" target=\"_blank\" rel=\"noreferrer noopener\">Corpo de Bombeiros Militar<\/a>&nbsp;do&nbsp;<a href=\"https:\/\/www.correiobraziliense.com.br\/cidades-df\/2026\/01\/7343942-sol-nascente-recebe-forca-tarefa-neste-sabado-para-combater-a-dengue.html\" target=\"_blank\" rel=\"noreferrer noopener\">Distrito Federal<\/a>&nbsp;(CBMDF) foi acionado nesta quinta-feira (29\/1) \u00e0s 22h51 e encaminhou cinco viaturas no atendimento da ocorr\u00eancia. Ao chegarem ao local, as equipes encontraram a resid\u00eancia completamente tomada pelas chamas.<\/p>\n\n\n\n<p>Para combater o inc\u00eandio, os bombeiros montaram duas linhas de mangueiras pressurizadas e iniciaram o combate direto ao fogo. Simultaneamente, foi realizada uma varredura no interior do im\u00f3vel e em \u00e1reas pr\u00f3ximas para confirmar a inexist\u00eancia de v\u00edtimas.<\/p>\n\n\n\n<p>Ap\u00f3s 20 minutos de opera\u00e7\u00e3o, o inc\u00eandio foi combatido e os militares deram in\u00edcio ao trabalho de rescaldo, com o objetivo de eliminar poss\u00edveis focos remanescentes e evitar que o fogo voltasse a se alastrar. A per\u00edcia do CBMDF foi acionada para investigar as causas do inc\u00eandio. At\u00e9 o momento, a din\u00e2mica do ocorrido permanece desconhecida.<\/p>\n","protected":false},"excerpt":{"rendered":"<p>Fogo atingiu resid\u00eancia de madeira no Setor Placa da Mercedes Bombeiros combatem inc\u00eandio em casebre no N\u00facleo Bandeirante &#8211; (cr\u00e9dito: CBMDF\/Divulga\u00e7\u00e3o) Um inc\u00eandio de grandes propor\u00e7\u00f5es destruiu um casebre de madeira, no Setor Placa da Mercedes, nas proximidades da Unidade de Pronto Atendimento (UPA), do&nbsp;N\u00facleo Bandeirante. As chamas consumiram rapidamente a edifica\u00e7\u00e3o e produziram grande [&hellip;]<\/p>\n","protected":false},"author":3,"featured_media":28749,"comment_status":"open","ping_status":"open","sticky":false,"template":"","format":"standard","meta":{"footnotes":""},"categories":[17],"tags":[],"class_list":["post-28748","post","type-post","status-publish","format-standard","has-post-thumbnail","hentry","category-brasilia"],"_links":{"self":[{"href":"https:\/\/jornalcandango.com.br\/index.php?rest_route=\/wp\/v2\/posts\/28748","targetHints":{"allow":["GET"]}}],"collection":[{"href":"https:\/\/jornalcandango.com.br\/index.php?rest_route=\/wp\/v2\/posts"}],"about":[{"href":"https:\/\/jornalcandango.com.br\/index.php?rest_route=\/wp\/v2\/types\/post"}],"author":[{"embeddable":true,"href":"https:\/\/jornalcandango.com.br\/index.php?rest_route=\/wp\/v2\/users\/3"}],"replies":[{"embeddable":true,"href":"https:\/\/jornalcandango.com.br\/index.php?rest_route=%2Fwp%2Fv2%2Fcomments&post=28748"}],"version-history":[{"count":0,"href":"https:\/\/jornalcandango.com.br\/index.php?rest_route=\/wp\/v2\/posts\/28748\/revisions"}],"wp:featuredmedia":[{"embeddable":true,"href":"https:\/\/jornalcandango.com.br\/index.php?rest_route=\/wp\/v2\/media\/28749"}],"wp:attachment":[{"href":"https:\/\/jornalcandango.com.br\/index.php?rest_route=%2Fwp%2Fv2%2Fmedia&parent=28748"}],"wp:term":[{"taxonomy":"category","embeddable":true,"href":"https:\/\/jornalcandango.com.br\/index.php?rest_route=%2Fwp%2Fv2%2Fcategories&post=28748"},{"taxonomy":"post_tag","embeddable":true,"href":"https:\/\/jornalcandango.com.br\/index.php?rest_route=%2Fwp%2Fv2%2Ftags&post=28748"}],"curies":[{"name":"wp","href":"https:\/\/api.w.org\/{rel}","templated":true}]}}