{"id":28736,"date":"2026-01-29T07:54:08","date_gmt":"2026-01-29T10:54:08","guid":{"rendered":"https:\/\/tribunalbrasilia.com.br\/?p=28736"},"modified":"2026-01-29T07:54:08","modified_gmt":"2026-01-29T10:54:08","slug":"correio-debate-saude-mental-nesta-quinta-feira-29-1","status":"publish","type":"post","link":"https:\/\/jornalcandango.com.br\/?p=28736","title":{"rendered":"Correio debate sa\u00fade mental nesta quinta-feira (29\/1)"},"content":{"rendered":"\n<h2 class=\"wp-block-heading\">Encontro reunir\u00e1 autoridades e especialistas no tema para discutir preven\u00e7\u00e3o, cuidado e pol\u00edticas p\u00fablicas diante do avan\u00e7o dos transtornos mentais no pa\u00eds<\/h2>\n\n\n\n<p><img fetchpriority=\"high\" decoding=\"async\" src=\"https:\/\/midias.correiobraziliense.com.br\/_midias\/jpg\/2024\/01\/25\/675x450\/1_tra_2801_saudemental-34557208.jpg?20250703164149?20250703164149\" alt=\"Evento sobre Janeiro Branco ocorrer\u00e1 na quinta-feira (29\/1), a partir das 9h -  (cr\u00e9dito: Caio Gomez)\" width=\"685\" height=\"470\"><\/p>\n\n\n\n<p>x<\/p>\n\n\n\n<p><small>Evento sobre Janeiro Branco ocorrer\u00e1 na quinta-feira (29\/1), a partir das 9h &#8211; (cr\u00e9dito: Caio Gomez)<\/small><\/p>\n\n\n\n<p>A&nbsp;sa\u00fade mental&nbsp;se tornou um dos principais desafios de&nbsp;sa\u00fade p\u00fablica&nbsp;no mundo. Dados recentes da&nbsp;Organiza\u00e7\u00e3o Mundial da Sa\u00fade (OMS), divulgado em setembro de 2025, apontam que mais de um bilh\u00e3o de pessoas vivem com algum transtorno, sendo a ansiedade e a depress\u00e3o as condi\u00e7\u00f5es mais recorrentes.&nbsp;Neste cen\u00e1rio, o&nbsp;<strong>Correio Braziliense<\/strong>&nbsp;realiza,&nbsp;hoje, o&nbsp;<em>CB.Debate<\/em>&nbsp;&#8220;Janeiro Branco: di\u00e1logos sobre a sa\u00fade mental no Brasil&#8221;. O encontro acontece no audit\u00f3rio do jornal, a partir das 9h, e prop\u00f5e uma reflex\u00e3o sobre os fatores de adoecimento ps\u00edquico, os desafios da assist\u00eancia e a constru\u00e7\u00e3o de uma cultura de cuidado no pa\u00eds.<\/p>\n\n\n\n<p>Fique por dentro das not\u00edcias que importam para voc\u00ea!<a href=\"https:\/\/profile.google.com\/cp\/CgovbS8wNzZ0dms1\" target=\"_blank\" rel=\"noreferrer noopener\">SIGA O<strong>CORREIO BRAZILIENSE<\/strong>NO<\/a><\/p>\n\n\n\n<p>O&nbsp;evento&nbsp;re\u00fane autoridades e especialistas para fomentar o debate sobre autoconhecimento, preven\u00e7\u00e3o e a constru\u00e7\u00e3o de uma cultura de cuidado em \u00e2mbito nacional. A programa\u00e7\u00e3o ser\u00e1 dividida em dois pain\u00e9is. O primeiro discutir\u00e1 os fatores que contribuem para o adoecimento mental e os desafios na assist\u00eancia \u00e0 popula\u00e7\u00e3o.&nbsp;No segundo painel ser\u00e3o apresentados caminhos poss\u00edveis a partir da cria\u00e7\u00e3o de espa\u00e7os de escuta qualificada e de cuidado cont\u00ednuo.<\/p>\n\n\n\n<p><strong><a href=\"https:\/\/whatsapp.com\/channel\/0029VaB1U9a002T64ex1Sy2w\" target=\"_blank\" rel=\"noreferrer noopener\">Siga o canal do Correio no WhatsApp e receba as principais not\u00edcias do dia no seu celular<\/a><\/strong>Play Video<\/p>\n\n\n\n<p>A programa\u00e7\u00e3o ser\u00e1 transmitida ao vivo pelas redes sociais e pelo canal do jornal no YouTube. Ao final de cada painel, o p\u00fablico poder\u00e1 participar com perguntas, tanto presencialmente quanto de forma on-line. As inscri\u00e7\u00f5es s\u00e3o gratuitas e est\u00e3o dispon\u00edveis na plataforma&nbsp;Sympla, no Qr Code abaixo.<\/p>\n\n\n\n<figure class=\"wp-block-image\"><img decoding=\"async\" src=\"https:\/\/midias.correiobraziliense.com.br\/_midias\/jpg\/2026\/01\/28\/frame--1--63720332.jpg\" alt=\"Aponte a c\u00e2mera e garanta seu ingresso para o evento\" title=\"Aponte a c\u00e2mera e garanta seu ingresso para o evento\"\/><figcaption class=\"wp-element-caption\">Aponte a c\u00e2mera e garanta seu ingresso para o evento<small>(foto: Qr Code)<\/small><\/figcaption><\/figure>\n\n\n\n<h3 class=\"wp-block-heading\">Palestrantes<\/h3>\n\n\n\n<p>O presidente do Correio Braziliense, Guilherme Machado&nbsp;ser\u00e1 o anfitri\u00e3o do evento e far\u00e1 a abertura do debate. Entre os painelistas est\u00e3o: a coronel Ana Paula Barros Habka, comandante geral da Pol\u00edcia Militar (PMDF), Fernanda Falcomer, subsecret\u00e1ria de Sa\u00fade Mental do DF, Ana Lu\u00edza Coelho, doutora em psicologia, Leandro Freitas, p\u00f3s-doutorado em Neuroci\u00eancias, Lucas Benevides, m\u00e9dico psiquiatra.<\/p>\n\n\n\n<p>No segundo painel, os especialistas que v\u00e3o discutir a tem\u00e1tica s\u00e3o: Carla Fragomeni, psic\u00f3loga, Helena Moura, psiquiatra e professora de Medicina da Universidade de Bras\u00edlia (UnB) e Marcos Medeiros, psicopedagogo na Cl\u00ednica Verse in.<\/p>\n\n\n\n<p>A doutora em psicologia, Ana Lu\u00edza Coelho, que vai participar do&nbsp;CB.Debate, antecipou a import\u00e2ncia de ampliar a discuss\u00e3o do tema. Para a especialista, a debater a sa\u00fade mental \u00e9 urgente e deve ultrapassar o car\u00e1ter pontual das campanhas. &#8220;Falar sobre sa\u00fade mental \u00e9 importante o ano inteiro.&nbsp;Temos cada vez mais casos de acometimento e as pessoas est\u00e3o reconhecendo mais a import\u00e2ncia de pensar sobre os cuidados e as consequ\u00eancias&#8221;, afirmou.<\/p>\n\n\n\n<p>A especialista destacou ainda que o per\u00edodo convida \u00e0 autorreflex\u00e3o. &#8220;\u00c9 importante que as pessoas parem para pensar nas suas rela\u00e7\u00f5es, sejam familiares ou de trabalho, nos h\u00e1bitos que foram adquiridos ao longo do tempo e que podem ser modificados. \u00c9 voltar o olhar para si e para o autocuidado&#8221;, explica.<\/p>\n\n\n\n<p>Al\u00e9m dos n\u00fameros mundiais serem alarmantes, no Brasil, o cen\u00e1rio tamb\u00e9m preocupa. N\u00fameros do Instituto Nacional do Seguro Social (INSS) indicam um aumento de 143% nos afastamentos do trabalho por transtornos mentais em rela\u00e7\u00e3o a 2024. Al\u00e9m disso, apenas 46% dos munic\u00edpios brasileiros contam com pol\u00edticas ou programas de atendimento voltados \u00e0 sa\u00fade mental, segundo dados da S\u00e9rie SmartLab de Trabalho Decente 2025.<\/p>\n\n\n\n<p>Coelho avalia que, apesar dos avan\u00e7os conquistados, ainda h\u00e1 muito a ser feito. &#8220;Deveriam existir mais campanhas, mais investimentos e mais pol\u00edticas p\u00fablicas. Muitas vit\u00f3rias vieram por conta de movimentos sociais e da atua\u00e7\u00e3o de profissionais e pesquisadores, mas \u00e9 fundamental ampliar o acesso para que toda a popula\u00e7\u00e3o possa se cuidar&#8221;, ressaltou.<\/p>\n\n\n\n<p>Para ela, o foco precisa estar tamb\u00e9m na preven\u00e7\u00e3o. &#8220;A sa\u00fade mental muitas vezes fica em segundo plano e s\u00f3 aparece quando h\u00e1 um trauma ou um quadro mais grave. \u00c9 preciso investir em a\u00e7\u00f5es preventivas desde a inf\u00e2ncia, passando pela adolesc\u00eancia, fase adulta e envelhecimento, em todos os ambientes, como escola, trabalho e fam\u00edlia&#8221;, acrescentou.<\/p>\n","protected":false},"excerpt":{"rendered":"<p>Encontro reunir\u00e1 autoridades e especialistas no tema para discutir preven\u00e7\u00e3o, cuidado e pol\u00edticas p\u00fablicas diante do avan\u00e7o dos transtornos mentais no pa\u00eds x Evento sobre Janeiro Branco ocorrer\u00e1 na quinta-feira (29\/1), a partir das 9h &#8211; (cr\u00e9dito: Caio Gomez) A&nbsp;sa\u00fade mental&nbsp;se tornou um dos principais desafios de&nbsp;sa\u00fade p\u00fablica&nbsp;no mundo. Dados recentes da&nbsp;Organiza\u00e7\u00e3o Mundial da Sa\u00fade [&hellip;]<\/p>\n","protected":false},"author":3,"featured_media":28737,"comment_status":"open","ping_status":"open","sticky":false,"template":"","format":"standard","meta":{"footnotes":""},"categories":[17],"tags":[],"class_list":["post-28736","post","type-post","status-publish","format-standard","has-post-thumbnail","hentry","category-brasilia"],"_links":{"self":[{"href":"https:\/\/jornalcandango.com.br\/index.php?rest_route=\/wp\/v2\/posts\/28736","targetHints":{"allow":["GET"]}}],"collection":[{"href":"https:\/\/jornalcandango.com.br\/index.php?rest_route=\/wp\/v2\/posts"}],"about":[{"href":"https:\/\/jornalcandango.com.br\/index.php?rest_route=\/wp\/v2\/types\/post"}],"author":[{"embeddable":true,"href":"https:\/\/jornalcandango.com.br\/index.php?rest_route=\/wp\/v2\/users\/3"}],"replies":[{"embeddable":true,"href":"https:\/\/jornalcandango.com.br\/index.php?rest_route=%2Fwp%2Fv2%2Fcomments&post=28736"}],"version-history":[{"count":0,"href":"https:\/\/jornalcandango.com.br\/index.php?rest_route=\/wp\/v2\/posts\/28736\/revisions"}],"wp:featuredmedia":[{"embeddable":true,"href":"https:\/\/jornalcandango.com.br\/index.php?rest_route=\/wp\/v2\/media\/28737"}],"wp:attachment":[{"href":"https:\/\/jornalcandango.com.br\/index.php?rest_route=%2Fwp%2Fv2%2Fmedia&parent=28736"}],"wp:term":[{"taxonomy":"category","embeddable":true,"href":"https:\/\/jornalcandango.com.br\/index.php?rest_route=%2Fwp%2Fv2%2Fcategories&post=28736"},{"taxonomy":"post_tag","embeddable":true,"href":"https:\/\/jornalcandango.com.br\/index.php?rest_route=%2Fwp%2Fv2%2Ftags&post=28736"}],"curies":[{"name":"wp","href":"https:\/\/api.w.org\/{rel}","templated":true}]}}