{"id":28727,"date":"2026-01-28T10:36:27","date_gmt":"2026-01-28T13:36:27","guid":{"rendered":"https:\/\/tribunalbrasilia.com.br\/?p=28727"},"modified":"2026-01-28T10:36:27","modified_gmt":"2026-01-28T13:36:27","slug":"criancas-invadem-linha-do-metro-para-buscar-pipa-e-causam-atraso","status":"publish","type":"post","link":"https:\/\/jornalcandango.com.br\/?p=28727","title":{"rendered":"Crian\u00e7as invadem linha do metr\u00f4 para buscar pipa e causam atraso"},"content":{"rendered":"\n<h2 class=\"wp-block-heading\">Ocorr\u00eancia perto da Esta\u00e7\u00e3o Guariroba interrompeu temporariamente a circula\u00e7\u00e3o dos trens no ramal Ceil\u00e2ndia<\/h2>\n\n\n\n<p><a href=\"https:\/\/a5e61ea928e74c60ef7df33ee4d72943.safeframe.googlesyndication.com\/safeframe\/1-0-45\/html\/container.html\">https:\/\/a5e61ea928e74c60ef7df33ee4d72943.safeframe.googlesyndication.com\/safeframe\/1-0-45\/html\/container.html<\/a><\/p>\n\n\n\n<p>x<\/p>\n\n\n\n<p><small>A energia do sistema foi restabelecida \u00e0s 12h11, ap\u00f3s o Corpo de Seguran\u00e7a Operacional confirmar que n\u00e3o havia mais ningu\u00e9m na linha f\u00e9rrea &#8211; (cr\u00e9dito: Minervino J\u00fanior\/CB\/D.A.Press)<\/small><\/p>\n\n\n\n<p>Uma ocorr\u00eancia envolvendo crian\u00e7as que acessaram indevidamente a linha do metr\u00f4 para recuperar uma pipa provocou a paralisa\u00e7\u00e3o tempor\u00e1ria dos trens da linha Ceil\u00e2ndia, no in\u00edcio da tarde de ter\u00e7a-feira (27\/1), nas proximidades da Esta\u00e7\u00e3o Guariroba.<\/p>\n\n\n\n<p>Fique por dentro das not\u00edcias que importam para voc\u00ea!<a href=\"https:\/\/profile.google.com\/cp\/CgovbS8wNzZ0dms1\" target=\"_blank\" rel=\"noreferrer noopener\">SIGA O<strong>CORREIO BRAZILIENSE<\/strong>NO<\/a><\/p>\n\n\n\n<p>De acordo com informa\u00e7\u00f5es do Centro de Controle Operacional (CCO) do Metr\u00f4-DF, o alerta foi recebido por volta das 12h. Diante do risco iminente, a opera\u00e7\u00e3o determinou a desenergiza\u00e7\u00e3o da via como medida de seguran\u00e7a, o que resultou na reten\u00e7\u00e3o dos trens que circulavam no trecho.<\/p>\n\n\n\n<p><strong><a href=\"https:\/\/whatsapp.com\/channel\/0029VaB1U9a002T64ex1Sy2w\" target=\"_blank\" rel=\"noreferrer noopener\">Siga o canal do Correio no WhatsApp e receba as principais not\u00edcias do dia no seu celular<\/a><\/strong>Play Video<\/p>\n\n\n\n<p>A energia do sistema foi restabelecida \u00e0s 12h11, ap\u00f3s o Corpo de Seguran\u00e7a Operacional confirmar que n\u00e3o havia mais ningu\u00e9m na linha f\u00e9rrea. Com isso, a circula\u00e7\u00e3o foi normalizada de forma gradual.<\/p>\n\n\n\n<p>A ocorr\u00eancia gerou um atraso aproximado de 20 minutos no Terminal Ceil\u00e2ndia. O metr\u00f4 refor\u00e7ou em nota que o acesso \u00e0s vias \u00e9 extremamente perigoso e pode colocar em risco a vida de pessoas, al\u00e9m de comprometer a opera\u00e7\u00e3o do sistema.<\/p>\n","protected":false},"excerpt":{"rendered":"<p>Ocorr\u00eancia perto da Esta\u00e7\u00e3o Guariroba interrompeu temporariamente a circula\u00e7\u00e3o dos trens no ramal Ceil\u00e2ndia https:\/\/a5e61ea928e74c60ef7df33ee4d72943.safeframe.googlesyndication.com\/safeframe\/1-0-45\/html\/container.html x A energia do sistema foi restabelecida \u00e0s 12h11, ap\u00f3s o Corpo de Seguran\u00e7a Operacional confirmar que n\u00e3o havia mais ningu\u00e9m na linha f\u00e9rrea &#8211; (cr\u00e9dito: Minervino J\u00fanior\/CB\/D.A.Press) Uma ocorr\u00eancia envolvendo crian\u00e7as que acessaram indevidamente a linha do metr\u00f4 para [&hellip;]<\/p>\n","protected":false},"author":3,"featured_media":28728,"comment_status":"open","ping_status":"open","sticky":false,"template":"","format":"standard","meta":{"footnotes":""},"categories":[17],"tags":[],"class_list":["post-28727","post","type-post","status-publish","format-standard","has-post-thumbnail","hentry","category-brasilia"],"_links":{"self":[{"href":"https:\/\/jornalcandango.com.br\/index.php?rest_route=\/wp\/v2\/posts\/28727","targetHints":{"allow":["GET"]}}],"collection":[{"href":"https:\/\/jornalcandango.com.br\/index.php?rest_route=\/wp\/v2\/posts"}],"about":[{"href":"https:\/\/jornalcandango.com.br\/index.php?rest_route=\/wp\/v2\/types\/post"}],"author":[{"embeddable":true,"href":"https:\/\/jornalcandango.com.br\/index.php?rest_route=\/wp\/v2\/users\/3"}],"replies":[{"embeddable":true,"href":"https:\/\/jornalcandango.com.br\/index.php?rest_route=%2Fwp%2Fv2%2Fcomments&post=28727"}],"version-history":[{"count":0,"href":"https:\/\/jornalcandango.com.br\/index.php?rest_route=\/wp\/v2\/posts\/28727\/revisions"}],"wp:featuredmedia":[{"embeddable":true,"href":"https:\/\/jornalcandango.com.br\/index.php?rest_route=\/wp\/v2\/media\/28728"}],"wp:attachment":[{"href":"https:\/\/jornalcandango.com.br\/index.php?rest_route=%2Fwp%2Fv2%2Fmedia&parent=28727"}],"wp:term":[{"taxonomy":"category","embeddable":true,"href":"https:\/\/jornalcandango.com.br\/index.php?rest_route=%2Fwp%2Fv2%2Fcategories&post=28727"},{"taxonomy":"post_tag","embeddable":true,"href":"https:\/\/jornalcandango.com.br\/index.php?rest_route=%2Fwp%2Fv2%2Ftags&post=28727"}],"curies":[{"name":"wp","href":"https:\/\/api.w.org\/{rel}","templated":true}]}}