{"id":28722,"date":"2026-01-27T08:35:17","date_gmt":"2026-01-27T11:35:17","guid":{"rendered":"https:\/\/tribunalbrasilia.com.br\/?p=28722"},"modified":"2026-01-27T08:35:17","modified_gmt":"2026-01-27T11:35:17","slug":"manifestantes-acusam-o-governo-de-priorizar-interesses-privados-em-detrimento-de-servicos-publicos-essenciais","status":"publish","type":"post","link":"https:\/\/jornalcandango.com.br\/?p=28722","title":{"rendered":"Manifestantes acusam o governo de priorizar interesses privados em detrimento de servi\u00e7os p\u00fablicos essenciais"},"content":{"rendered":"\n<p><small>Gaston CB\/DA Press)<\/small><\/p>\n\n\n\n<p>Manifestantes realizaram, nesta segunda-feira (26\/1), um protesto na plataforma superior da Rodovi\u00e1ria do Plano Piloto contra o governador do Distrito Federal, Ibaneis Rocha (MDB), em raz\u00e3o do&nbsp;<a href=\"https:\/\/www.correiobraziliense.com.br\/economia\/2026\/01\/7340405-pf-inicia-nova-rodada-de-depoimentos-sobre-compra-do-master-pelo-brb.html\" target=\"_blank\" rel=\"noreferrer noopener\">caso envolvendo o Banco Master e a atua\u00e7\u00e3o do Banco de Bras\u00edlia (BRB)<\/a>. O ato foi organizado por coletivos e entidades como Coletivo Para Todos, Kizomba, Fogo no Pavio, Uni\u00e3o Brasileira das\/dos Estudantes Secundaristas (Ubes), Uni\u00e3o Nacional dos Estudantes (Une).<\/p>\n\n\n\n<ul class=\"wp-block-list\">\n<li><strong>Leia tamb\u00e9m:&nbsp;<\/strong><a href=\"https:\/\/www.correiobraziliense.com.br\/politica\/2026\/01\/7339691-brb-tera-de-reservar-rs-26-bilhoes-para-cobrir-perdas.html\" target=\"_blank\" rel=\"noreferrer noopener\">BRB ter\u00e1 de reservar R$ 2,6 bilh\u00f5es para cobrir perdas<\/a><\/li>\n<\/ul>\n\n\n\n<p>No panfleto divulgado pelos organizadores, o grupo acusa o governo de priorizar interesses privados em detrimento de servi\u00e7os p\u00fablicos essenciais. Segundo o material, \u201cenquanto o povo sofre com hospitais lotados, escolas abandonadas, \u00f4nibus superlotados e despejos, o Governo Ibaneis usa dinheiro p\u00fablico para salvar banco privado\u201d. Os manifestantes tamb\u00e9m afirmam que o&nbsp;<a href=\"https:\/\/www.correiobraziliense.com.br\/politica\/2026\/01\/7339688-o-brb-e-solido-nao-vai-quebrar-diz-presidente-do-banco.html\" target=\"_blank\" rel=\"noreferrer noopener\">BRB<\/a>, banco p\u00fablico do DF, \u201cfoi colocado a servi\u00e7o de banqueiros aliados do governo\u201d.<\/p>\n\n\n\n<p>O texto critica a tentativa de compra do&nbsp;<a href=\"https:\/\/www.correiobraziliense.com.br\/politica\/2026\/01\/7339686-se-tivesse-tantas-relacoes-nao-estaria-de-tornozeleira-diz-vorcaro.html\" target=\"_blank\" rel=\"noreferrer noopener\">Banco Master<\/a>&nbsp;pelo BRB, que teria sido conduzida de forma acelerada. De acordo com o panfleto, \u201cIbaneis tentou impor, \u00e0s pressas, a compra do Banco Master, envolvido em esc\u00e2ndalos de corrup\u00e7\u00e3o e investiga\u00e7\u00e3o por associa\u00e7\u00e3o criminosa\u201d, opera\u00e7\u00e3o que acabou barrada pelo Banco Central. Ainda assim, os organizadores afirmam que o governo teria utilizado o BRB para \u201cinjetar cerca de R$ 12 bilh\u00f5es em um banco quebrado\u201d.<\/p>\n\n\n\n<p>Os manifestantes tamb\u00e9m relacionam o impacto financeiro da opera\u00e7\u00e3o a preju\u00edzos na \u00e1rea social. \u201cO rombo j\u00e1 chega a R$ 4 bilh\u00f5es\u201d, diz o texto, que associa esse valor \u00e0 falta de investimentos em sa\u00fade e educa\u00e7\u00e3o. Segundo o material distribu\u00eddo no ato, \u201cesses R$ 4 bilh\u00f5es n\u00e3o s\u00e3o apenas n\u00fameros, eles significam hospitais que n\u00e3o foram constru\u00eddos, cirurgias represadas, filas intermin\u00e1veis, postos de sa\u00fade sem m\u00e9dicos e escolas sucateadas\u201d.<\/p>\n\n\n\n<p><strong>Indigna\u00e7\u00e3o<\/strong><\/p>\n\n\n\n<p>Professor aposentado e integrante do Coletivo DF, Jos\u00e9 Loureiro, 69 anos, afirmou que a mobiliza\u00e7\u00e3o desta segunda-feira \u00e9 resultado de uma insatisfa\u00e7\u00e3o que se acumula desde o ano passado, quando veio \u00e0 tona a tentativa de compra do Banco Master pelo Banco de Bras\u00edlia (BRB). Segundo ele, a opera\u00e7\u00e3o foi \u201cum neg\u00f3cio temer\u00e1rio, defendido de forma insistente pelo governador Ibaneis Rocha, sem o devido debate p\u00fablico\u201d. \u201cA C\u00e2mara Legislativa ficou praticamente de joelho, n\u00e3o teve nenhuma posi\u00e7\u00e3o\u201d, criticou.<\/p>\n\n\n\n<p>Integrante do coletivo Kizomba e do movimento de juventude, Beatriz Nobre, de 21, destacou que o principal objetivo do ato \u00e9 denunciar \u00e0 popula\u00e7\u00e3o o que classificou como um \u201cesc\u00e2ndalo\u201d. Beatriz ressaltou ainda que, al\u00e9m do governador e da vice-governadora, deputados distritais tamb\u00e9m devem ser responsabilizados. \u201cN\u00e3o \u00e9 apenas o Ibaneis e a Celina Le\u00e3o que est\u00e3o envolvidos, mas tamb\u00e9m os deputados distritais que votaram pela compra do Banco Master pelo BRB. Esse patrim\u00f4nio poderia ter sido destinado para escolas, hospitais e transporte p\u00fablico\u201d, afirmou.&nbsp;<\/p>\n\n\n\n<p>Pedro Oliveira, de 25 anos, integrante da Juventude do Fogo no Pavio, afirmou que o protesto re\u00fane diferentes organiza\u00e7\u00f5es para denunciar o que considera uma invers\u00e3o de prioridades do atual governo. \u201c\u00c9 inadmiss\u00edvel continuar com um governo que tira da sa\u00fade, tira da educa\u00e7\u00e3o e da moradia popular, enquanto o povo est\u00e1 padecendo no Distrito Federal\u201d, declarou. Segundo ele, recursos p\u00fablicos estariam sendo usados para favorecer interesses privados.<\/p>\n\n\n\n<p>A equipe de reportagem do&nbsp;<strong>Correio<\/strong>&nbsp;procurou posicionamento do Governo do Distrito Federal, que preferiu n\u00e3o se manifestar.<\/p>\n","protected":false},"excerpt":{"rendered":"<p>Gaston CB\/DA Press) Manifestantes realizaram, nesta segunda-feira (26\/1), um protesto na plataforma superior da Rodovi\u00e1ria do Plano Piloto contra o governador do Distrito Federal, Ibaneis Rocha (MDB), em raz\u00e3o do&nbsp;caso envolvendo o Banco Master e a atua\u00e7\u00e3o do Banco de Bras\u00edlia (BRB). O ato foi organizado por coletivos e entidades como Coletivo Para Todos, Kizomba, [&hellip;]<\/p>\n","protected":false},"author":3,"featured_media":28724,"comment_status":"open","ping_status":"open","sticky":false,"template":"","format":"standard","meta":{"footnotes":""},"categories":[17],"tags":[],"class_list":["post-28722","post","type-post","status-publish","format-standard","has-post-thumbnail","hentry","category-brasilia"],"_links":{"self":[{"href":"https:\/\/jornalcandango.com.br\/index.php?rest_route=\/wp\/v2\/posts\/28722","targetHints":{"allow":["GET"]}}],"collection":[{"href":"https:\/\/jornalcandango.com.br\/index.php?rest_route=\/wp\/v2\/posts"}],"about":[{"href":"https:\/\/jornalcandango.com.br\/index.php?rest_route=\/wp\/v2\/types\/post"}],"author":[{"embeddable":true,"href":"https:\/\/jornalcandango.com.br\/index.php?rest_route=\/wp\/v2\/users\/3"}],"replies":[{"embeddable":true,"href":"https:\/\/jornalcandango.com.br\/index.php?rest_route=%2Fwp%2Fv2%2Fcomments&post=28722"}],"version-history":[{"count":0,"href":"https:\/\/jornalcandango.com.br\/index.php?rest_route=\/wp\/v2\/posts\/28722\/revisions"}],"wp:featuredmedia":[{"embeddable":true,"href":"https:\/\/jornalcandango.com.br\/index.php?rest_route=\/wp\/v2\/media\/28724"}],"wp:attachment":[{"href":"https:\/\/jornalcandango.com.br\/index.php?rest_route=%2Fwp%2Fv2%2Fmedia&parent=28722"}],"wp:term":[{"taxonomy":"category","embeddable":true,"href":"https:\/\/jornalcandango.com.br\/index.php?rest_route=%2Fwp%2Fv2%2Fcategories&post=28722"},{"taxonomy":"post_tag","embeddable":true,"href":"https:\/\/jornalcandango.com.br\/index.php?rest_route=%2Fwp%2Fv2%2Ftags&post=28722"}],"curies":[{"name":"wp","href":"https:\/\/api.w.org\/{rel}","templated":true}]}}