{"id":28719,"date":"2026-01-27T08:32:42","date_gmt":"2026-01-27T11:32:42","guid":{"rendered":"https:\/\/tribunalbrasilia.com.br\/?p=28719"},"modified":"2026-01-27T08:32:42","modified_gmt":"2026-01-27T11:32:42","slug":"entregaremos-as-contas-em-ordem-diz-secretario-de-economia-do-df","status":"publish","type":"post","link":"https:\/\/jornalcandango.com.br\/?p=28719","title":{"rendered":"&#8220;Entregaremos as contas em ordem&#8221;, diz secret\u00e1rio de Economia do DF"},"content":{"rendered":"\n<h2 class=\"wp-block-heading\">Ao CB.Poder, gestor destacou as principais realiza\u00e7\u00f5es do governador Ibaneis Rocha e garantiu que uma das prioridades no \u00faltimo ano de mandato \u00e9 cadenciar a gest\u00e3o or\u00e7ament\u00e1ria para executar as pol\u00edticas p\u00fablicas normalmente<\/h2>\n\n\n\n<p><small>Daniel Izaias de Carvalho, secret\u00e1rio de Economia do DF, foi o entrevistado do CB.Poder desta segunda-feira (26\/1) &#8211; (cr\u00e9dito: Bruna Gaston CB\/DA Press)<\/small><\/p>\n\n\n\n<p><strong>Houve aumento de arrecada\u00e7\u00e3o tribut\u00e1ria em 2025, de ICMS e ISS, e h\u00e1 uma proje\u00e7\u00e3o de aumento de receita para este ano. Por que a necessidade desse decreto que o governador Ibaneis Rocha assinou (n\u00ba 48.172, de 20 de janeiro de 2026), reorganizando as despesas e pedindo para se &#8220;apertar o cinto&#8221;?<\/strong><\/p>\n\n\n\n<p>O governador Ibaneis est\u00e1 convencido de que o seu governo \u00e9 o melhor da hist\u00f3ria do DF, pela revolu\u00e7\u00e3o na infraestrutura e por ter triplicado o or\u00e7amento na \u00e1rea de assist\u00eancia social, que saiu de R$ 300 milh\u00f5es para quase R$ 1 bilh\u00e3o. Al\u00e9m disso, ele pagou a terceira parcela (do reajuste) dos servidores, que estava atrasada, contratou mais de 37 mil servidores e tirou do papel o plano de sa\u00fade da categoria. Ele quer entregar as contas p\u00fablicas em dia, junto com todo esse pacote de medidas que fizemos ao longo dos anos.<\/p>\n\n\n\n<p><strong>Quais \u00e1reas ter\u00e3o contingenciamento&nbsp;e quais ser\u00e3o preservadas? Como \u00e9 o plano de a\u00e7\u00e3o?<\/strong><\/p>\n\n\n\n<p>Temos que fazer um trabalho de cadenciar a execu\u00e7\u00e3o do Or\u00e7amento, para&nbsp;que as&nbsp;pol\u00edticas p\u00fablicas ocorram de forma regular. Esse decreto que a gente soltou na semana passada acontece todos os anos, que \u00e9 o decreto de programa\u00e7\u00e3o financeira or\u00e7ament\u00e1ria. Isso significa que, quando vira o ano, a gente come\u00e7a uma nova pe\u00e7a or\u00e7ament\u00e1ria, com R$ 74 bilh\u00f5es para serem utilizados ao longo dos meses. S\u00f3 que a gente n\u00e3o recebe esse total em&nbsp;1\u00ba de janeiro, vamos arrecadando esse recurso paulatinamente, ao longo do ano, e a gente precisa cadenciar as despesas de acordo com o ingresso de recursos. Por isso, liberamos as cotas financeiras para todas as unidades or\u00e7ament\u00e1rias ao longo do ano, para que elas n\u00e3o executem al\u00e9m do que a gente est\u00e1 arrecadando. \u00c9 um instrumento usado todos os anos, e que chamou mais aten\u00e7\u00e3o porque estamos&nbsp;em ano eleitoral.<\/p>\n\n\n\n<p><strong>O senhor citou que v\u00e1rias obras foram realizadas e houve um aumento grande na \u00e1rea social. De onde sa\u00edram esses recursos? Houve aumento de arrecada\u00e7\u00e3o nessas duas gest\u00f5es do governador Ibaneis?<\/strong><\/p>\n\n\n\n<p>Na verdade, o Or\u00e7amento vai crescendo de maneira incremental.&nbsp;A base de arrecada\u00e7\u00e3o aumenta n\u00e3o por al\u00edquota, mas, sim, por um crescimento vegetativo e da atividade econ\u00f4mica, que \u00e9 o que promoveu o aumento da arrecada\u00e7\u00e3o. E quando a gente fala do Fundo Constitucional do DF, temos um fator de corre\u00e7\u00e3o, feito a partir do crescimento da receita corrente l\u00edquida da Uni\u00e3o. Esse aumento fez com que a gente chegasse a um Or\u00e7amento, hoje, de quase&nbsp;<a href=\"https:\/\/www.correiobraziliense.com.br\/cidades-df\/2025\/12\/7311343-camara-legislativa-aprova-orcamento-de-2026-com-rs-744-bilhoes.html\" target=\"_blank\" rel=\"noreferrer noopener\">R$&nbsp;74 bilh\u00f5es por ano<\/a>. E foi com esse crescimento, ao longo dos anos, que a gente conseguiu investir em pol\u00edticas sociais, na sa\u00fade, na educa\u00e7\u00e3o, na \u00e1rea de seguran\u00e7a e infraestrutura.<\/p>\n\n\n\n<p><strong>Sobre a quest\u00e3o do BRB, fala-se na possibilidade de aporte de recursos para o banco. J\u00e1 chegou alguma informa\u00e7\u00e3o do Banco Central sobre a necessidade desse aporte?<\/strong><\/p>\n\n\n\n<p>Essas informa\u00e7\u00f5es s\u00e3o tratadas em atos de comunica\u00e7\u00e3o direto com o&nbsp;<a href=\"https:\/\/www.correiobraziliense.com.br\/economia\/2026\/01\/7339673-presidente-do-brb-diz-que-banco-nao-vai-quebrar.html\" target=\"_blank\" rel=\"noreferrer noopener\">presidente do BRB<\/a>. E s\u00e3o informa\u00e7\u00f5es que, de maneira geral, s\u00e3o tratadas com sigilo, porque&nbsp;estamos falando de informa\u00e7\u00f5es de instru\u00e7\u00f5es financeiras. O que eu posso dizer, muito tranquilamente, \u00e9 que o banco tem condi\u00e7\u00f5es s\u00f3lidas de enfrentar essas adversidades. Desde novembro de 2025, o&nbsp;BRB tem sofrido v\u00e1rios ataques especulativos e a gente v\u00ea o banco funcionando normalmente. \u00c0&nbsp;medida que o banco tiver informa\u00e7\u00f5es sobre o que precisa ser feito, o GDF vai se organizar para resolver a situa\u00e7\u00e3o, porque o BRB \u00e9 um patrim\u00f4nio de Bras\u00edlia. O&nbsp;BRB \u00e9 uma entidade privada, da qual o Distrito Federal \u00e9 o s\u00f3cio majorit\u00e1rio, que funciona no mercado financeiro, regulado pelo Banco Central, e tem um modelo de neg\u00f3cio claro. Se o GDF \u00e9 o acionista majorit\u00e1rio e precisar ajudar, ele vai ajudar. Como j\u00e1 aconteceu, n\u00e3o s\u00f3 no DF, mas na Uni\u00e3o e em outros estados, v\u00e1rias vezes. A Uni\u00e3o acabou de socorrer os Correios, com aporte de R$ 10 bilh\u00f5es.<\/p>\n\n\n\n<p><\/p>\n","protected":false},"excerpt":{"rendered":"<p>Ao CB.Poder, gestor destacou as principais realiza\u00e7\u00f5es do governador Ibaneis Rocha e garantiu que uma das prioridades no \u00faltimo ano de mandato \u00e9 cadenciar a gest\u00e3o or\u00e7ament\u00e1ria para executar as pol\u00edticas p\u00fablicas normalmente Daniel Izaias de Carvalho, secret\u00e1rio de Economia do DF, foi o entrevistado do CB.Poder desta segunda-feira (26\/1) &#8211; (cr\u00e9dito: Bruna Gaston CB\/DA [&hellip;]<\/p>\n","protected":false},"author":3,"featured_media":28720,"comment_status":"open","ping_status":"open","sticky":false,"template":"","format":"standard","meta":{"footnotes":""},"categories":[17],"tags":[],"class_list":["post-28719","post","type-post","status-publish","format-standard","has-post-thumbnail","hentry","category-brasilia"],"_links":{"self":[{"href":"https:\/\/jornalcandango.com.br\/index.php?rest_route=\/wp\/v2\/posts\/28719","targetHints":{"allow":["GET"]}}],"collection":[{"href":"https:\/\/jornalcandango.com.br\/index.php?rest_route=\/wp\/v2\/posts"}],"about":[{"href":"https:\/\/jornalcandango.com.br\/index.php?rest_route=\/wp\/v2\/types\/post"}],"author":[{"embeddable":true,"href":"https:\/\/jornalcandango.com.br\/index.php?rest_route=\/wp\/v2\/users\/3"}],"replies":[{"embeddable":true,"href":"https:\/\/jornalcandango.com.br\/index.php?rest_route=%2Fwp%2Fv2%2Fcomments&post=28719"}],"version-history":[{"count":0,"href":"https:\/\/jornalcandango.com.br\/index.php?rest_route=\/wp\/v2\/posts\/28719\/revisions"}],"wp:featuredmedia":[{"embeddable":true,"href":"https:\/\/jornalcandango.com.br\/index.php?rest_route=\/wp\/v2\/media\/28720"}],"wp:attachment":[{"href":"https:\/\/jornalcandango.com.br\/index.php?rest_route=%2Fwp%2Fv2%2Fmedia&parent=28719"}],"wp:term":[{"taxonomy":"category","embeddable":true,"href":"https:\/\/jornalcandango.com.br\/index.php?rest_route=%2Fwp%2Fv2%2Fcategories&post=28719"},{"taxonomy":"post_tag","embeddable":true,"href":"https:\/\/jornalcandango.com.br\/index.php?rest_route=%2Fwp%2Fv2%2Ftags&post=28719"}],"curies":[{"name":"wp","href":"https:\/\/api.w.org\/{rel}","templated":true}]}}