{"id":28347,"date":"2025-05-14T11:42:29","date_gmt":"2025-05-14T14:42:29","guid":{"rendered":"https:\/\/tribunalbrasilia.com.br\/?p=28347"},"modified":"2025-05-14T11:42:29","modified_gmt":"2025-05-14T14:42:29","slug":"carreta-do-na-hora-chega-ao-recanto-das-emas-com-servicos-essenciais-a-populacao","status":"publish","type":"post","link":"https:\/\/jornalcandango.com.br\/?p=28347","title":{"rendered":"Carreta do Na Hora chega ao Recanto das Emas com servi\u00e7os essenciais \u00e0 popula\u00e7\u00e3o"},"content":{"rendered":"\n<p><em>De quarta-feira (14) a s\u00e1bado (17), moradores ter\u00e3o acesso gratuito a atendimentos de v\u00e1rios \u00f3rg\u00e3os do GDF<\/em><\/p>\n\n\n\n<p>A partir desta quarta-feira (14), os moradores do Recanto das Emas poder\u00e3o contar com uma s\u00e9rie de servi\u00e7os p\u00fablicos do Governo do Distrito Federal (GDF) reunidos em um s\u00f3 lugar. A Unidade M\u00f3vel do Na Hora, vinculada \u00e0 Secretaria de Justi\u00e7a e Cidadania do Distrito Federal (Sejus-DF), ficar\u00e1 estacionada at\u00e9 s\u00e1bado (17) na Quadra 406, no estacionamento da Organiza\u00e7\u00e3o Assistencial Amor Sem Fronteira, oferecendo atendimentos gratuitos e facilitados \u00e0 comunidade.<\/p>\n\n\n\n<p>A iniciativa tem como objetivo aproximar a popula\u00e7\u00e3o de servi\u00e7os essenciais, reunindo institui\u00e7\u00f5es como o Banco de Bras\u00edlia (BRB), Companhia de Saneamento Ambiental do Distrito Federal (Caesb), Companhia de Desenvolvimento Habitacional do DF (Codhab), Departamento de Tr\u00e2nsito (Detran-DF), Neoenergia, Procon-DF, Receita Federal, entre outros parceiros. Os atendimentos ocorrer\u00e3o nos dias 14, 15 e 16 de maio, das 9h \u00e0s 16h, e no s\u00e1bado, 17 de maio, das 9h \u00e0s 12h.<\/p>\n\n\n\n<p>A secret\u00e1ria de Justi\u00e7a e Cidadania, Marcela Passamani, destaca a import\u00e2ncia da a\u00e7\u00e3o para a promo\u00e7\u00e3o da cidadania. \u201cA Carreta do Na Hora tem sido um importante instrumento de transforma\u00e7\u00e3o social. Estamos comprometidos em descentralizar os atendimentos e garantir que os servi\u00e7os cheguem a quem mais precisa, com dignidade, agilidade e respeito \u00e0 popula\u00e7\u00e3o\u201d, afirmou.<\/p>\n\n\n\n<p>Desde seu lan\u00e7amento, em fevereiro de 2022, a unidade m\u00f3vel j\u00e1 realizou 39.852 atendimentos. Conhecida tamb\u00e9m como Na Hora M\u00f3vel, a a\u00e7\u00e3o tem como foco ampliar o acesso da popula\u00e7\u00e3o \u2014 especialmente das regi\u00f5es mais afastadas e vulner\u00e1veis do Distrito Federal \u2014 aos servi\u00e7os prestados por diversos \u00f3rg\u00e3os parceiros.<\/p>\n","protected":false},"excerpt":{"rendered":"<p>De quarta-feira (14) a s\u00e1bado (17), moradores ter\u00e3o acesso gratuito a atendimentos de v\u00e1rios \u00f3rg\u00e3os do GDF A partir desta quarta-feira (14), os moradores do Recanto das Emas poder\u00e3o contar com uma s\u00e9rie de servi\u00e7os p\u00fablicos do Governo do Distrito Federal (GDF) reunidos em um s\u00f3 lugar. A Unidade M\u00f3vel do Na Hora, vinculada \u00e0 [&hellip;]<\/p>\n","protected":false},"author":3,"featured_media":28348,"comment_status":"open","ping_status":"open","sticky":false,"template":"","format":"standard","meta":{"footnotes":""},"categories":[17],"tags":[],"class_list":["post-28347","post","type-post","status-publish","format-standard","has-post-thumbnail","hentry","category-brasilia"],"_links":{"self":[{"href":"https:\/\/jornalcandango.com.br\/index.php?rest_route=\/wp\/v2\/posts\/28347","targetHints":{"allow":["GET"]}}],"collection":[{"href":"https:\/\/jornalcandango.com.br\/index.php?rest_route=\/wp\/v2\/posts"}],"about":[{"href":"https:\/\/jornalcandango.com.br\/index.php?rest_route=\/wp\/v2\/types\/post"}],"author":[{"embeddable":true,"href":"https:\/\/jornalcandango.com.br\/index.php?rest_route=\/wp\/v2\/users\/3"}],"replies":[{"embeddable":true,"href":"https:\/\/jornalcandango.com.br\/index.php?rest_route=%2Fwp%2Fv2%2Fcomments&post=28347"}],"version-history":[{"count":0,"href":"https:\/\/jornalcandango.com.br\/index.php?rest_route=\/wp\/v2\/posts\/28347\/revisions"}],"wp:featuredmedia":[{"embeddable":true,"href":"https:\/\/jornalcandango.com.br\/index.php?rest_route=\/wp\/v2\/media\/28348"}],"wp:attachment":[{"href":"https:\/\/jornalcandango.com.br\/index.php?rest_route=%2Fwp%2Fv2%2Fmedia&parent=28347"}],"wp:term":[{"taxonomy":"category","embeddable":true,"href":"https:\/\/jornalcandango.com.br\/index.php?rest_route=%2Fwp%2Fv2%2Fcategories&post=28347"},{"taxonomy":"post_tag","embeddable":true,"href":"https:\/\/jornalcandango.com.br\/index.php?rest_route=%2Fwp%2Fv2%2Ftags&post=28347"}],"curies":[{"name":"wp","href":"https:\/\/api.w.org\/{rel}","templated":true}]}}