{"id":28340,"date":"2025-05-08T19:06:21","date_gmt":"2025-05-08T22:06:21","guid":{"rendered":"https:\/\/tribunalbrasilia.com.br\/?p=28340"},"modified":"2025-05-08T19:06:21","modified_gmt":"2025-05-08T22:06:21","slug":"robert-francis-prevost-e-o-novo-papa-e-escolhe-o-nome-leao-xiv","status":"publish","type":"post","link":"https:\/\/jornalcandango.com.br\/?p=28340","title":{"rendered":"Robert Francis Prevost \u00e9 o novo papa e escolhe o nome Le\u00e3o XIV"},"content":{"rendered":"\n<p>Pr\u00f3ximo de Francisco, Prevost, de 69 anos, \u00e9 o 1\u00ba papa nascido nos EUA e com cidadania peruana. No discurso inaugural, pont\u00edfice falou de paz e agradeceu ao antecessor.<\/p>\n\n\n\n<p>O cardeal dos Estados Unidos&nbsp;<strong>Robert Francis Prevost<\/strong>&nbsp;\u00e9 o novo papa e escolheu o nome de&nbsp;<strong>Le\u00e3o XIV&nbsp;<\/strong>para liderar a Igreja Cat\u00f3lica.<\/p>\n\n\n\n<p>Ele tem&nbsp;69 anos, \u00e9 agostiniano, considerado progressista e pr\u00f3ximo de Francisco.<\/p>\n\n\n\n<p>O novo papa, anunciado nesta quinta-feira (8),&nbsp;<strong>tamb\u00e9m tem cidadania peruana<\/strong>, adquirida ap\u00f3s anos de miss\u00e3o no pa\u00eds, onde foi nomeado bispo em 2015.<\/p>\n\n\n\n<p>Ap\u00f3s ser anunciado pelo cardeal Dominique Mamberti, Le\u00e3o XIV apareceu na sacada da Bas\u00edlica de S\u00e3o Pedro, no&nbsp;<a class=\"\" href=\"https:\/\/g1.globo.com\/tudo-sobre\/vaticano\/\">Vaticano<\/a>, e fez seu primeiro discurso como papa. Ele&nbsp;<strong>falou de paz e defendeu uma Igreja Cat\u00f3lica mission\u00e1ria:<\/strong><\/p>\n\n\n\n<blockquote class=\"wp-block-quote is-layout-flow wp-block-quote-is-layout-flow\">\n<p>&#8220;<strong>A paz esteja com todos voc\u00eas<\/strong>. Esta \u00e9 a primeira sauda\u00e7\u00e3o do Cristo ressuscitado. Eu tamb\u00e9m gostaria que essa sauda\u00e7\u00e3o de paz entrasse no cora\u00e7\u00e3o de voc\u00eas&#8221;, disse Prevost em sua primeira fala como papa Le\u00e3o XIV.<\/p>\n<\/blockquote>\n\n\n\n<p>Le\u00e3o XIV tamb\u00e9m sinalizou que&nbsp;<strong>pretende dar continuidade ao legado de Francisco<\/strong>:<\/p>\n\n\n\n<blockquote class=\"wp-block-quote is-layout-flow wp-block-quote-is-layout-flow\">\n<p>&#8220;Queremos ser uma igreja sinodal, que avan\u00e7a, que busca sempre a paz, a caridade, sempre estar pr\u00f3xima, principalmente daqueles que sofrem&#8221;.<\/p>\n<\/blockquote>\n\n\n\n<p>Prevost \u00e9 o&nbsp;<a class=\"\" href=\"https:\/\/g1.globo.com\/mundo\/noticia\/2025\/05\/08\/habemus-papam-fumaca-branca-sai-da-chamine-da-capela-sistina-e-igreja-catolica-elege-novo-papa.ghtml\"><strong>primeiro papa<\/strong><\/a><strong>&nbsp;da hist\u00f3ria da Igreja Cat\u00f3lica nascido nos Estados Unidos<\/strong>&nbsp;\u2014 um pa\u00eds de maioria protestante. Ele j\u00e1 criticou pol\u00edticas do governo de Donald Trump.<\/p>\n\n\n\n<figure class=\"wp-block-image\"><img decoding=\"async\" src=\"https:\/\/s2-g1.glbimg.com\/06xYNPKgbzXoJtdh8WJFSFj9mMM=\/0x0:6500x4727\/984x0\/smart\/filters:strip_icc()\/i.s3.glbimg.com\/v1\/AUTH_59edd422c0c84a879bd37670ae4f538a\/internal_photos\/bs\/2025\/o\/M\/6tULN4RHKve3F2OZXGZw\/2025-05-08t172559z-1464741686-rc2tdeajjld7-rtrmadp-3-pope-leo-xiv.jpg\" alt=\"Papa Le\u00e3o 14 aparece pela primeira vez no Vaticano \u2014 Foto: Dylan Martinez\/Reuters\"\/><\/figure>\n\n\n\n<p>Papa Le\u00e3o 14 aparece pela primeira vez no Vaticano \u2014 Foto: Dylan Martinez\/Reuters<\/p>\n\n\n\n<h2 class=\"wp-block-heading\">Os desafios de Le\u00e3o XIV<\/h2>\n\n\n\n<p>Durante seu discurso, Prevost enfatizou a import\u00e2ncia da paz.<\/p>\n\n\n\n<p>Antes do conclave, o&nbsp;<a class=\"\" href=\"https:\/\/g1.globo.com\/tudo-sobre\/vaticano\/\">Vaticano<\/a>&nbsp;informou que os cardeais desejavam escolher um papa que desse continuidade \u00e0s reformas de Francisco.<\/p>\n\n\n\n<p><strong>Le\u00e3o XIV assume o comando da Igreja Cat\u00f3lica em um momento de queda no n\u00famero de fi\u00e9is&nbsp;<\/strong>e ap\u00f3s um papado de grande popularidade com Francisco.<\/p>\n\n\n\n<p>Ele tamb\u00e9m ter\u00e1 de lidar com um&nbsp;<strong>cen\u00e1rio internacional inst\u00e1vel<\/strong>, marcado por guerras e tens\u00f5es geopol\u00edticas.<\/p>\n\n\n\n<p>Durante o papado anterior, a Igreja ampliou seu papel diplom\u00e1tico e atuou como mediadora em conflitos, como a guerra entre R\u00fassia e Ucr\u00e2nia.<\/p>\n\n\n\n<p>Antes do conclave, o&nbsp;<a class=\"\" href=\"https:\/\/g1.globo.com\/tudo-sobre\/vaticano\/\">Vaticano<\/a>&nbsp;informou que os cardeais desejavam escolher um papa que desse continuidade \u00e0s reformas de Francisco.<\/p>\n\n\n\n<p>Nascido em Chicago, Prevost construiu sua carreira eclesi\u00e1stica no Peru, onde adquiriu a nacionalidade, e agradeceu, em espanhol, \u00e0 Diocese do pa\u00eds latino-americano em seu discurso.<\/p>\n\n\n\n<p><strong>Foi a primeira vez que um papa falou em outro idioma al\u00e9m do italiano no discurso inaugural.<\/strong><\/p>\n\n\n\n<p>No discurso inaugural, Le\u00e3o XIV tamb\u00e9m agradeceu ao antecessor:<\/p>\n\n\n\n<blockquote class=\"wp-block-quote is-layout-flow wp-block-quote-is-layout-flow\">\n<p>&#8220;Obrigado, papa Francisco&#8221;.<\/p>\n<\/blockquote>\n\n\n\n<ul class=\"wp-block-list\">\n<li><strong>PROGRESSISTA, DISCRETO, CONCILIAT\u00d3RIO:&nbsp;<\/strong><a class=\"\" href=\"https:\/\/g1.globo.com\/mundo\/noticia\/2025\/05\/08\/quem-e-o-novo-papa.ghtml\">quem \u00e9 o novo papa<\/a><\/li>\n\n\n\n<li><strong>\u00cdNTEGRA:<\/strong><a class=\"\" href=\"https:\/\/g1.globo.com\/mundo\/noticia\/2025\/05\/08\/compare-os-discursos-de-anuncio-dos-papas-francisco-e-leao-xiv.ghtml\"><strong>&nbsp;<\/strong>veja o discurso inaugural do papa Le\u00e3o XIV<\/a><\/li>\n\n\n\n<li><strong>MODERAD\u00cdSSIMO, DISCRET\u00cdSSIMO:&nbsp;<\/strong><a class=\"\" href=\"https:\/\/g1.globo.com\/podcast\/o-assunto\/noticia\/2025\/05\/08\/moderadissimo-discretissimo-as-caracteristicas-do-novo-papa-leao-xiv-na-avaliacao-da-vaticanista-mirticeli-medeiros.ghtml\">vaticanista apontou favoritismo de Prevost<\/a><\/li>\n\n\n\n<li><strong>PAPA AGOSTINIANO:&nbsp;<\/strong><a class=\"\" href=\"https:\/\/g1.globo.com\/mundo\/noticia\/2025\/05\/08\/papa-leao-xiv-e-agostiniano-entenda-a-ordem-catolica.ghtml\">entenda a ordem cat\u00f3lica do novo pont\u00edfice<\/a><\/li>\n\n\n\n<li><strong>RACISMO, IMIGRANTES E PENA DE MORTE:&nbsp;<\/strong><a class=\"\" href=\"https:\/\/g1.globo.com\/mundo\/noticia\/2025\/05\/08\/leao-xiv-veja-o-que-pensa-o-novo-papa.ghtml\">veja como pensa Robert Prevost sobre temas pol\u00eamicos no catolicismo<\/a><\/li>\n<\/ul>\n\n\n\n<figure class=\"wp-block-image\"><img decoding=\"async\" src=\"https:\/\/s2-g1.glbimg.com\/im9V8IOhnWSiCyAprV2mWnnvuLM=\/0x0:1904x965\/984x0\/smart\/filters:strip_icc()\/i.s3.glbimg.com\/v1\/AUTH_59edd422c0c84a879bd37670ae4f538a\/internal_photos\/bs\/2025\/a\/l\/uBxCO5RXal4X8yTILdDA\/fumaca-branca.jpg\" alt=\"Fuma\u00e7a branca \u2014 Foto: Reprodu\u00e7\u00e3o\"\/><\/figure>\n\n\n\n<p>Fuma\u00e7a branca \u2014 Foto: Reprodu\u00e7\u00e3o<\/p>\n\n\n\n<h2 class=\"wp-block-heading\">Como foi a elei\u00e7\u00e3o do novo papa<\/h2>\n\n\n\n<p>O tradicional an\u00fancio de &#8220;Habemus papam&#8221; ocorreu pouco mais de uma hora ap\u00f3s a fuma\u00e7a branca surgir da Capela Sistina, dentro da m\u00e9dia dos \u00faltimos conclaves, em 2005 e 2013.<\/p>\n\n\n\n<p><strong>A elei\u00e7\u00e3o seguiu o padr\u00e3o dos conclaves de 2005 e 2013<\/strong>, ocorrendo no segundo dia.<\/p>\n\n\n\n<p>Desta vez, havia a expectativa de que o processo demorasse mais devido ao aumento no n\u00famero de cardeais votantes: 133, contra 117 no conclave anterior.<\/p>\n\n\n\n<p>A elei\u00e7\u00e3o ocorreu ap\u00f3s duas rodadas com&nbsp;<a class=\"\" href=\"https:\/\/g1.globo.com\/mundo\/noticia\/2025\/05\/08\/ainda-sem-papa-fumaca-preta-volta-a-sair-da-chamine-da-capela-sistina-votacoes-do-conclave-serao-retomadas-a-tarde.ghtml\">fuma\u00e7a preta<\/a>, na manh\u00e3 de quinta-feira (8) e na rodada inicial de quarta-feira (7).<\/p>\n\n\n\n<h2 class=\"wp-block-heading\">O papado de Francisco<\/h2>\n\n\n\n<p>A escolha do novo papa aconteceu 17 dias ap\u00f3s a morte de Francisco, devido a um AVC e insufici\u00eancia card\u00edaca em sua resid\u00eancia no&nbsp;<a class=\"\" href=\"https:\/\/g1.globo.com\/tudo-sobre\/vaticano\/\">Vaticano<\/a>.<\/p>\n\n\n\n<p>Apesar de inesperados, os epis\u00f3dios ocorreram em um momento de sa\u00fade fragilizada do papa, que havia recebido alta ap\u00f3s tratar pneumonia por cinco semanas.<\/p>\n\n\n\n<p>Durante seus 12 anos de papado, Francisco implementou reformas hist\u00f3ricas e aproximou a Igreja de seus mais de 1,3 bilh\u00e3o de fi\u00e9is ao redor do mundo, apesar da diminui\u00e7\u00e3o gradual no n\u00famero de cat\u00f3licos.<\/p>\n\n\n\n<p>A fuma\u00e7a branca tamb\u00e9m<strong>&nbsp;encerra oficialmente o chamado per\u00edodo de&nbsp;<\/strong><a class=\"\" href=\"https:\/\/g1.globo.com\/mundo\/noticia\/2025\/04\/21\/se-vacante-camerlengo-e-colegio-dos-cardeais-saiba-quem-comanda-a-igreja-catolica-apos-a-morte-do-papa-francisco.ghtml\"><strong>S\u00e9 Vacante<\/strong><\/a>, em que o &#8220;trono&#8221; da Igreja Cat\u00f3lica fica sem um l\u00edder entre a morte de um pont\u00edfice e a elei\u00e7\u00e3o do sucessor.<\/p>\n\n\n\n<figure class=\"wp-block-image\"><img decoding=\"async\" src=\"https:\/\/s2-g1.glbimg.com\/vfhcA8zEtxVpiuy3vH74l0PnFhA=\/0x0:7870x5247\/984x0\/smart\/filters:strip_icc()\/i.s3.glbimg.com\/v1\/AUTH_59edd422c0c84a879bd37670ae4f538a\/internal_photos\/bs\/2025\/8\/o\/PvWjZiSYabMagVxOBGww\/ap25128190024298.jpg\" alt=\"Fi\u00e9is aguardam resultado da elei\u00e7\u00e3o do novo papa na Pra\u00e7a de S\u00e3o Pedro, no Vaticano \u2014 Foto: AP Foto\/Bernat Armangue\"\/><\/figure>\n\n\n\n<p>Fi\u00e9is aguardam resultado da elei\u00e7\u00e3o do novo papa na Pra\u00e7a de S\u00e3o Pedro, no Vaticano \u2014 Foto: AP Foto\/Bernat Armangue<\/p>\n\n\n\n<h2 class=\"wp-block-heading\">Como foi o primeiro dia de conclave<\/h2>\n\n\n\n<p>Fuma\u00e7a preta: 1\u00aa vota\u00e7\u00e3o do conclave termina sem eleger novo papa<\/p>\n\n\n\n<p>Na quarta-feira (7), a fuma\u00e7a preta confirmou que a elei\u00e7\u00e3o do novo papa no primeiro dia do conclave era improv\u00e1vel.<\/p>\n\n\n\n<p>O resultado da primeira vota\u00e7\u00e3o saiu cerca de tr\u00eas horas ap\u00f3s o fechamento das portas da Capela Sistina, marcando o in\u00edcio oficial do conclave, no qual 133 cardeais se isolaram para escolher o novo papa.<\/p>\n\n\n\n<p>Foi&nbsp;<a class=\"\" href=\"https:\/\/g1.globo.com\/mundo\/noticia\/2025\/05\/07\/cardeais-entram-na-capela-sistina-em-procissao-para-dar-inicio-ao-conclave-video-e-fotos-1.ghtml\"><strong>a maior demora dos \u00faltimos tr\u00eas conclaves<\/strong><\/a>. Um poss\u00edvel motivo para o atraso pode ter sido uma prega\u00e7\u00e3o antes da vota\u00e7\u00e3 e pode ter se estendido, segundo o jornalista C\u00e9sar Tralli, da TV Globo.<\/p>\n\n\n\n<p>Outra possibilidade \u00e9 que a maioria dos cardeais estava participando de seu primeiro conclave.<\/p>\n\n\n\n<p>Cerca de 45 mil fi\u00e9is estavam na pra\u00e7a S\u00e3o Pedro aguardando o resultado da primeira vota\u00e7\u00e3o no momento em que a fuma\u00e7a foi expelida.<\/p>\n\n\n\n<p>Os cardeais iniciaram o processo ap\u00f3s a missa Pro Eligendo Romano Pontifice, celebrada publicamente na Bas\u00edlica de S\u00e3o Pedro naquela manh\u00e3.<\/p>\n\n\n\n<figure class=\"wp-block-image\"><img decoding=\"async\" src=\"https:\/\/s2-g1.glbimg.com\/4ssZ3vzJtdMxrrMMqkjbG9egJqs=\/0x0:7087x4717\/984x0\/smart\/filters:strip_icc()\/i.s3.glbimg.com\/v1\/AUTH_59edd422c0c84a879bd37670ae4f538a\/internal_photos\/bs\/2025\/7\/o\/QAHmn3SrWTrTGoDDGWhw\/l1000328.jpg\" alt=\"Vaticano divulga imagens de preparativos para conclave na Capela Sistina. \u2014 Foto: Servi\u00e7o de imprensa do Vaticano\"\/><\/figure>\n\n\n\n<p>Vaticano divulga imagens de preparativos para conclave na Capela Sistina. \u2014 Foto: Servi\u00e7o de imprensa do Vaticano.<\/p>\n","protected":false},"excerpt":{"rendered":"<p>Pr\u00f3ximo de Francisco, Prevost, de 69 anos, \u00e9 o 1\u00ba papa nascido nos EUA e com cidadania peruana. No discurso inaugural, pont\u00edfice falou de paz e agradeceu ao antecessor. O cardeal dos Estados Unidos&nbsp;Robert Francis Prevost&nbsp;\u00e9 o novo papa e escolheu o nome de&nbsp;Le\u00e3o XIV&nbsp;para liderar a Igreja Cat\u00f3lica. Ele tem&nbsp;69 anos, \u00e9 agostiniano, considerado [&hellip;]<\/p>\n","protected":false},"author":3,"featured_media":28341,"comment_status":"open","ping_status":"open","sticky":false,"template":"","format":"standard","meta":{"footnotes":""},"categories":[17],"tags":[],"class_list":["post-28340","post","type-post","status-publish","format-standard","has-post-thumbnail","hentry","category-brasilia"],"_links":{"self":[{"href":"https:\/\/jornalcandango.com.br\/index.php?rest_route=\/wp\/v2\/posts\/28340","targetHints":{"allow":["GET"]}}],"collection":[{"href":"https:\/\/jornalcandango.com.br\/index.php?rest_route=\/wp\/v2\/posts"}],"about":[{"href":"https:\/\/jornalcandango.com.br\/index.php?rest_route=\/wp\/v2\/types\/post"}],"author":[{"embeddable":true,"href":"https:\/\/jornalcandango.com.br\/index.php?rest_route=\/wp\/v2\/users\/3"}],"replies":[{"embeddable":true,"href":"https:\/\/jornalcandango.com.br\/index.php?rest_route=%2Fwp%2Fv2%2Fcomments&post=28340"}],"version-history":[{"count":0,"href":"https:\/\/jornalcandango.com.br\/index.php?rest_route=\/wp\/v2\/posts\/28340\/revisions"}],"wp:featuredmedia":[{"embeddable":true,"href":"https:\/\/jornalcandango.com.br\/index.php?rest_route=\/wp\/v2\/media\/28341"}],"wp:attachment":[{"href":"https:\/\/jornalcandango.com.br\/index.php?rest_route=%2Fwp%2Fv2%2Fmedia&parent=28340"}],"wp:term":[{"taxonomy":"category","embeddable":true,"href":"https:\/\/jornalcandango.com.br\/index.php?rest_route=%2Fwp%2Fv2%2Fcategories&post=28340"},{"taxonomy":"post_tag","embeddable":true,"href":"https:\/\/jornalcandango.com.br\/index.php?rest_route=%2Fwp%2Fv2%2Ftags&post=28340"}],"curies":[{"name":"wp","href":"https:\/\/api.w.org\/{rel}","templated":true}]}}