{"id":28336,"date":"2025-05-08T14:01:25","date_gmt":"2025-05-08T17:01:25","guid":{"rendered":"https:\/\/tribunalbrasilia.com.br\/?p=28336"},"modified":"2025-05-08T14:01:25","modified_gmt":"2025-05-08T17:01:25","slug":"sebrae-sc-faz-lancamento-da-12o-edicao-do-premio-sebrae-de-jornalismo","status":"publish","type":"post","link":"https:\/\/jornalcandango.com.br\/?p=28336","title":{"rendered":"Sebrae\/SC faz lan\u00e7amento da 12\u00ba edi\u00e7\u00e3o do Pr\u00eamio Sebrae de Jornalismo"},"content":{"rendered":"\n<p><em>Ao todo, R$ 50 mil em pr\u00eamios ser\u00e3o distribu\u00eddos na etapa estadual. Profissionais e estudantes de jornalismo podem inscrever seus trabalhos sobre empreendedorismo e pequenos neg\u00f3cios em cinco categorias at\u00e9 o dia 9 de junho<\/em><\/p>\n\n\n\n<p>O Sebrae\/SC promoveu na \u00faltima ter\u00e7a-feira (6), em&nbsp;<strong>Florian\u00f3polis<\/strong>, um evento de lan\u00e7amento da 12\u00aa edi\u00e7\u00e3o do Pr\u00eamio Sebrae de Jornalismo. Estiveram presentes jornalistas e convidados, o diretor superintendente do Sebrae\/SC,&nbsp;<strong>Carlos Henrique Ramos Fonseca<\/strong>, o diretor t\u00e9cnico,&nbsp;<strong>Fabio B\u00farigo Zanuzzi<\/strong>, o diretor de administra\u00e7\u00e3o e finan\u00e7as,&nbsp;<strong>Anacleto Angelo Ortigara<\/strong>, o presidente do conselho deliberativo do Sebrae\/SC,&nbsp;<strong>Renato Campos Carvalho<\/strong>, o vice-presidente do Conselho,&nbsp;<strong>Ant\u00f4nio Marcos Pagani<\/strong>, e a gerente de comunica\u00e7\u00e3o da entidade,&nbsp;<strong>M\u00e1rcia Carvalho<\/strong>.<\/p>\n\n\n\n<p>As inscri\u00e7\u00f5es para o Pr\u00eamio est\u00e3o abertas at\u00e9 o dia&nbsp;<strong>9 de junho<\/strong>&nbsp;e podem participar jornalistas e estudantes com trabalhos publicados entre 3 de junho de 2024 e 8 de junho de 2025. As categorias de premia\u00e7\u00e3o s\u00e3o Texto, \u00c1udio, V\u00eddeo, Fotojornalismo e, pelo segundo ano consecutivo, Jornalismo Universit\u00e1rio.<\/p>\n\n\n\n<p>O tema central desta edi\u00e7\u00e3o \u00e9 \u201cEmpreendedorismo com foco nos pequenos neg\u00f3cios\u201d, com subtemas abordando: bioeconomia, pequenos neg\u00f3cios e COP 30; inova\u00e7\u00e3o e startups; produtividade e competitividade; inclus\u00e3o produtiva e desenvolvimento territorial; transforma\u00e7\u00e3o digital; empreendedorismo feminino; pol\u00edticas p\u00fablicas e legisla\u00e7\u00e3o; acesso a cr\u00e9dito e gest\u00e3o financeira; e empreendedorismo social.<\/p>\n\n\n\n<p>A premia\u00e7\u00e3o seguir\u00e1 a mesma estrutura dos anos anteriores, com tr\u00eas etapas: estadual, regional e nacional. Na etapa estadual, os melhores trabalhos ser\u00e3o selecionados para a fase regional, quando ser\u00e3o escolhidos os finalistas para a etapa nacional.<\/p>\n\n\n\n<p>Na edi\u00e7\u00e3o de 2024, o Pr\u00eamio Sebrae de Jornalismo atingiu um recorde de inscri\u00e7\u00f5es, com 3.076 trabalhos enviados por profissionais e estudantes de todo o Brasil. Esse n\u00famero representou um aumento de 62% em rela\u00e7\u00e3o \u00e0 edi\u00e7\u00e3o anterior. Em Santa Catarina, foram 174 trabalhos inscritos, com 144 validados conforme os crit\u00e9rios do regulamento.<\/p>\n\n\n\n<p>\u201cNa fase final, realizada em Bras\u00edlia, tivemos quatro representantes de Santa Catarina, um por categoria. Para 2025, esperamos novamente destacar o empreendedorismo do nosso Estado, que \u00e9 refer\u00eancia nacional\u201d, afirma&nbsp;<strong>M\u00e1rcia Carvalho<\/strong>, gerente de comunica\u00e7\u00e3o do Sebrae\/SC.<\/p>\n\n\n\n<p><strong>PREMIA\u00c7\u00c3O<\/strong><\/p>\n\n\n\n<p>O vencedor de cada categoria da etapa de Santa Catarina receber\u00e1 R$ 5 mil, o 2\u00ba lugar R$ 3 mil e o 3\u00ba lugar R$ 2 mil. Todos tamb\u00e9m receber\u00e3o certificado e o 1\u00ba lugar em cada categoria um trof\u00e9u. A premia\u00e7\u00e3o total na fase estadual soma R$ 50 mil.<\/p>\n\n\n\n<p>Na etapa nacional, os primeiros colocados nas categorias principais (Texto, \u00c1udio, V\u00eddeo e Fotojornalismo), receber\u00e3o como pr\u00eamio um notebook. Na categoria especial, Jornalismo Universit\u00e1rio, o pr\u00eamio entregue ser\u00e1 um celular de \u00faltima gera\u00e7\u00e3o. J\u00e1 o vencedor do Grande Pr\u00eamio Sebrae de Jornalismo receber\u00e1 um celular de \u00faltima gera\u00e7\u00e3o, a ser acumulado com o notebook, recebido como pr\u00eamio vencedor em sua categoria.<\/p>\n\n\n\n<p>As inscri\u00e7\u00f5es devem ser feitas por meio do site oficial:&nbsp;<a href=\"http:\/\/www.premiosebraejornalismo.com.br\/\">www.premiosebraejornalismo.com.br<\/a>.<\/p>\n\n\n\n<p>A cerim\u00f4nia estadual de premia\u00e7\u00e3o ser\u00e1 realizada&nbsp;em&nbsp;agosto.<\/p>\n\n\n\n<p><strong>Fonte: Sebrae\/SC<\/strong><\/p>\n\n\n\n<p><strong><em>Acompanhe mais not\u00edcias do Sebrae\/SC na<\/em><\/strong><a href=\"http:\/\/www.sc.agenciasebrae.com.br\/sites\/asn\"><strong><em>&nbsp;Ag\u00eancia Sebrae de Not\u00edcias<\/em><\/strong><\/a><strong><em>&nbsp;e nas redes sociais:&nbsp;<\/em><\/strong><a href=\"https:\/\/www.instagram.com\/sebraesc\/\">Instagram<\/a>&nbsp;<a href=\"https:\/\/www.facebook.com\/sebraesc\">Facebook<\/a>&nbsp;<a href=\"https:\/\/www.linkedin.com\/company\/sebrae-sc\">LinkedIn<\/a>&nbsp;<a href=\"https:\/\/twitter.com\/Sebrae_SC\">Twitter<\/a>&nbsp;<a href=\"https:\/\/t.me\/sebraesc\">Telegram<\/a>&nbsp;<a href=\"https:\/\/www.youtube.com\/user\/SebraeSC\">YouTube<\/a>&nbsp;<a href=\"https:\/\/atendimento.sebrae-sc.com.br\/blog\/\">Blog<\/a>&nbsp;<a href=\"https:\/\/atendimento.sebrae-sc.com.br\/\">Site<\/a>.<\/p>\n","protected":false},"excerpt":{"rendered":"<p>Ao todo, R$ 50 mil em pr\u00eamios ser\u00e3o distribu\u00eddos na etapa estadual. Profissionais e estudantes de jornalismo podem inscrever seus trabalhos sobre empreendedorismo e pequenos neg\u00f3cios em cinco categorias at\u00e9 o dia 9 de junho O Sebrae\/SC promoveu na \u00faltima ter\u00e7a-feira (6), em&nbsp;Florian\u00f3polis, um evento de lan\u00e7amento da 12\u00aa edi\u00e7\u00e3o do Pr\u00eamio Sebrae de Jornalismo. [&hellip;]<\/p>\n","protected":false},"author":3,"featured_media":28338,"comment_status":"open","ping_status":"open","sticky":false,"template":"","format":"standard","meta":{"footnotes":""},"categories":[17],"tags":[],"class_list":["post-28336","post","type-post","status-publish","format-standard","has-post-thumbnail","hentry","category-brasilia"],"_links":{"self":[{"href":"https:\/\/jornalcandango.com.br\/index.php?rest_route=\/wp\/v2\/posts\/28336","targetHints":{"allow":["GET"]}}],"collection":[{"href":"https:\/\/jornalcandango.com.br\/index.php?rest_route=\/wp\/v2\/posts"}],"about":[{"href":"https:\/\/jornalcandango.com.br\/index.php?rest_route=\/wp\/v2\/types\/post"}],"author":[{"embeddable":true,"href":"https:\/\/jornalcandango.com.br\/index.php?rest_route=\/wp\/v2\/users\/3"}],"replies":[{"embeddable":true,"href":"https:\/\/jornalcandango.com.br\/index.php?rest_route=%2Fwp%2Fv2%2Fcomments&post=28336"}],"version-history":[{"count":0,"href":"https:\/\/jornalcandango.com.br\/index.php?rest_route=\/wp\/v2\/posts\/28336\/revisions"}],"wp:featuredmedia":[{"embeddable":true,"href":"https:\/\/jornalcandango.com.br\/index.php?rest_route=\/wp\/v2\/media\/28338"}],"wp:attachment":[{"href":"https:\/\/jornalcandango.com.br\/index.php?rest_route=%2Fwp%2Fv2%2Fmedia&parent=28336"}],"wp:term":[{"taxonomy":"category","embeddable":true,"href":"https:\/\/jornalcandango.com.br\/index.php?rest_route=%2Fwp%2Fv2%2Fcategories&post=28336"},{"taxonomy":"post_tag","embeddable":true,"href":"https:\/\/jornalcandango.com.br\/index.php?rest_route=%2Fwp%2Fv2%2Ftags&post=28336"}],"curies":[{"name":"wp","href":"https:\/\/api.w.org\/{rel}","templated":true}]}}