{"id":28333,"date":"2025-04-18T13:00:07","date_gmt":"2025-04-18T16:00:07","guid":{"rendered":"https:\/\/tribunalbrasilia.com.br\/?p=28333"},"modified":"2025-04-18T13:00:07","modified_gmt":"2025-04-18T16:00:07","slug":"fieis-sobem-o-morro-da-capelinha-nesta-sexta-feira-santa","status":"publish","type":"post","link":"https:\/\/jornalcandango.com.br\/?p=28333","title":{"rendered":"Fi\u00e9is sobem o Morro da Capelinha nesta Sexta-Feira Santa"},"content":{"rendered":"\n<p>Tradi\u00e7\u00e3o da Sexta-Feira Santa re\u00fane milhares de fi\u00e9is que encaram a subida do Morro da Capelinha, em Planaltina (DF), como gesto de f\u00e9 e agradecimento<\/p>\n\n\n\n<p>Na manh\u00e3 desta Sexta-Feira Santa, milhares de fi\u00e9is enfrentam do calor \u00e0 chuva at\u00e9 a longa subida do Morro da Capelinha, em Planaltina (DF). A movimenta\u00e7\u00e3o come\u00e7ou cedo. Por volta das 8h, fam\u00edlias inteiras j\u00e1 caminhavam em sentido ao topo, algumas em ora\u00e7\u00e3o, outras descal\u00e7as ou de joelhos. O clima \u00e9 de devo\u00e7\u00e3o e muita emo\u00e7\u00e3o.<\/p>\n\n\n\n<p>Entre os que subiram o morro, est\u00e1 Eleni da Paz, 54 anos, moradora de Planaltina, que participa da prociss\u00e3o h\u00e1 15 anos e, este ano, agradece pela vida dos filhos. \u201cEu e meu marido ficamos cinco anos na Vara da Inf\u00e2ncia at\u00e9 conseguirmos adotar nossos dois filhos. Todo ano v\u00ednhamos pedir e agora s\u00f3 temos o que agradecer\u201d, contou, emocionada. <\/p>\n\n\n\n<p>J\u00e1 Maria Eduarda Silva, de 23, subiu pela primeira vez. Acompanhada do namorado, a moradora de Sobradinho foi pagar as promessas que fez nos \u00faltimos anos. \u201cFoi muito desafiador mas, ao mesmo tempo, muito gratificante\u201d, explica. Para ela, o Morro representa o sacrif\u00edcio. \u201cN\u00e3o s\u00f3 pra quem est\u00e1 subindo, mas tamb\u00e9m para e sobre Jesus que se sacrificou por n\u00f3s\u201d, completa<\/p>\n\n\n\n<p>Enquanto os fi\u00e9is seguem o percurso com seus ter\u00e7os e ora\u00e7\u00f5es, a estrutura para a encena\u00e7\u00e3o da tradicional da Paix\u00e3o de Cristo \u00e9 preparada para receber milhares de pessoas no per\u00edodo da tarde. <\/p>\n","protected":false},"excerpt":{"rendered":"<p>Tradi\u00e7\u00e3o da Sexta-Feira Santa re\u00fane milhares de fi\u00e9is que encaram a subida do Morro da Capelinha, em Planaltina (DF), como gesto de f\u00e9 e agradecimento Na manh\u00e3 desta Sexta-Feira Santa, milhares de fi\u00e9is enfrentam do calor \u00e0 chuva at\u00e9 a longa subida do Morro da Capelinha, em Planaltina (DF). A movimenta\u00e7\u00e3o come\u00e7ou cedo. Por volta [&hellip;]<\/p>\n","protected":false},"author":3,"featured_media":28335,"comment_status":"open","ping_status":"open","sticky":false,"template":"","format":"standard","meta":{"footnotes":""},"categories":[15,22],"tags":[],"class_list":["post-28333","post","type-post","status-publish","format-standard","has-post-thumbnail","hentry","category-brasil","category-mundo"],"_links":{"self":[{"href":"https:\/\/jornalcandango.com.br\/index.php?rest_route=\/wp\/v2\/posts\/28333","targetHints":{"allow":["GET"]}}],"collection":[{"href":"https:\/\/jornalcandango.com.br\/index.php?rest_route=\/wp\/v2\/posts"}],"about":[{"href":"https:\/\/jornalcandango.com.br\/index.php?rest_route=\/wp\/v2\/types\/post"}],"author":[{"embeddable":true,"href":"https:\/\/jornalcandango.com.br\/index.php?rest_route=\/wp\/v2\/users\/3"}],"replies":[{"embeddable":true,"href":"https:\/\/jornalcandango.com.br\/index.php?rest_route=%2Fwp%2Fv2%2Fcomments&post=28333"}],"version-history":[{"count":0,"href":"https:\/\/jornalcandango.com.br\/index.php?rest_route=\/wp\/v2\/posts\/28333\/revisions"}],"wp:featuredmedia":[{"embeddable":true,"href":"https:\/\/jornalcandango.com.br\/index.php?rest_route=\/wp\/v2\/media\/28335"}],"wp:attachment":[{"href":"https:\/\/jornalcandango.com.br\/index.php?rest_route=%2Fwp%2Fv2%2Fmedia&parent=28333"}],"wp:term":[{"taxonomy":"category","embeddable":true,"href":"https:\/\/jornalcandango.com.br\/index.php?rest_route=%2Fwp%2Fv2%2Fcategories&post=28333"},{"taxonomy":"post_tag","embeddable":true,"href":"https:\/\/jornalcandango.com.br\/index.php?rest_route=%2Fwp%2Fv2%2Ftags&post=28333"}],"curies":[{"name":"wp","href":"https:\/\/api.w.org\/{rel}","templated":true}]}}