{"id":28326,"date":"2025-04-17T08:15:29","date_gmt":"2025-04-17T11:15:29","guid":{"rendered":"https:\/\/tribunalbrasilia.com.br\/?p=28326"},"modified":"2025-04-17T08:15:29","modified_gmt":"2025-04-17T11:15:29","slug":"mais-de-100-mil-pessoas-sao-esperadas-na-via-sacra-em-planaltina","status":"publish","type":"post","link":"https:\/\/jornalcandango.com.br\/?p=28326","title":{"rendered":"Mais de 100 mil pessoas s\u00e3o esperadas na Via Sacra em Planaltina"},"content":{"rendered":"\n<p>Paix\u00e3o de Cristo no Morro da Capelinha chega \u00e0 sua 52\u00aa edi\u00e7\u00e3o. Organizadores esperam p\u00fablico maior em 2025<\/p>\n\n\n\n<p>Um dos eventos mais tradicionais do DF, a encena\u00e7\u00e3o da Paix\u00e3o de Cristo no Morro da Capelinha \u2014 que se realiza desde 1973 em Planaltina \u2014 ocorrer\u00e1 sexta-feira (18\/4) e dever\u00e1 atrair uma multid\u00e3o. Em 2024, cerca de 100 mil pessoas assistiram ao espet\u00e1culo, e a expectativa \u00e9 de que o p\u00fablico deste ano seja ainda maior. Muitos v\u00e3o ao local para manifestar sua devo\u00e7\u00e3o pagando promessas. Outros comparecem estimulados pelo interesse de conhecer o templo hist\u00f3rico.<\/p>\n\n\n\n<p>A m\u00e9dica Juliana Diniz faz um alerta para os cuidados com a sa\u00fade durante o evento, que&nbsp;se realiza durante o&nbsp;dia, com uma sensa\u00e7\u00e3o t\u00e9rmica elevada e em meio ao cerrado. &#8220;\u00c9 importante que os fi\u00e9is se mantenham hidratados, usem protetor solar, levem guarda-chuva e tamb\u00e9m fa\u00e7am uso de repelente. Caso seja poss\u00edvel, carreguem um lanche leve. Frutas s\u00e3o uma \u00f3tima op\u00e7\u00e3o&#8221;, orienta.<\/p>\n\n\n\n<p>Os visitantes dever\u00e3o estar preparados para o clima. H\u00e1 previs\u00e3o de precipita\u00e7\u00f5es durante a tarde e \u00e0 noite, de acordo com o Instituto Nacional de Meteorologia (Inmet). Mas, com chuva ou sol, o Grupo Via Sacra ao Vivo, criado na&nbsp;regi\u00e3o administrativa, manter\u00e1 a apresenta\u00e7\u00e3o com uma equipe de 1.400 pessoas. Delas, 1.100 representar\u00e3o personagens b\u00edblicos.<\/p>\n\n\n\n<figure class=\"wp-block-image\"><img decoding=\"async\" src=\"https:\/\/midias.correiobraziliense.com.br\/_midias\/jpg\/2025\/04\/16\/1642025ea_12-49832139.jpg\" alt=\" 16\/04\/2025. Ed Alves CB\/DA Press. Cidades. Via Sacra de Planaltina. Jesus (Rafael) - Maria (Guliana) - Judas (Junior). \" title=\"Giliana Ribeiro, Rafael Gon\u00e7alves e J\u00fanior Ribeiro (D) interpretam, respectivamente, Maria de Nazar\u00e9, Jesus Cristo e Judas\"\/><figcaption class=\"wp-element-caption\">Giliana Ribeiro, Rafael Gon\u00e7alves e J\u00fanior Ribeiro (D) interpretam, respectivamente, Maria de Nazar\u00e9, Jesus Cristo e Judas<small>(foto: Ed Alves CB\/DA Press)<\/small><\/figcaption><\/figure>\n\n\n\n<h4 class=\"wp-block-heading\">Sagrado<\/h4>\n\n\n\n<p>Durante quatro horas, a partir das 16h, \u00e9 enceanada a Via Sacra, com os \u00faltimos momentos da vida de Jesus Cristo: julgamento, pris\u00e3o, crucifica\u00e7\u00e3o, morte e ressurrei\u00e7\u00e3o. Ela \u00e9 dividida em 14 esta\u00e7\u00f5es, distribu\u00eddas por 800 metros no Morro da Capelinha, onde os atores se apresentam. Antes disso, \u00e0s 15h, est\u00e1 prevista uma cerim\u00f4nia que ter\u00e1 \u00e0 frente o arcebispo de Bras\u00edlia, Dom Paulo Cezar Costa: a Celebra\u00e7\u00e3o da Cruz<\/p>\n\n\n\n<p>Rafael Gon\u00e7alves, 28 anos, interpretar\u00e1 o filho de Deus pelo segundo ano consecutivo. Para ele, que considera uma grande responsabilidade representar o papel, os demais atores se prepararam com empenho. &#8220;Acredito que vamos conseguir levar a mensagem do amor de Deus para todos que vierem nos prestigiar&#8221;, afirma.<\/p>\n\n\n\n<p>Outro componente do elenco, J\u00fanior Ribeiro, 31 \u2014 que dar\u00e1 vida a Judas \u2014, destaca, sem dar &#8220;spoiler&#8221;, que o espet\u00e1culo passou por mudan\u00e7as desde a edi\u00e7\u00e3o anterior. &#8220;O Grupo Via Sacra busca evoluir em sintonia com as novas tecnologias. Teremos novidades nos figurinos e cen\u00e1rios, o que deve enriquecer ainda mais a experi\u00eancia do p\u00fablico&#8221;, garante.<\/p>\n\n\n\n<p>Ribeiro comenta a forte rea\u00e7\u00e3o que seu papel costuma despertar na plateia. &#8220;Judas \u00e9 recebido com gritos e vaias. As pessoas se envolvem intensamente com a encena\u00e7\u00e3o&#8221;, conta.<\/p>\n\n\n\n<p>Como Maria de Nazar\u00e9, Giliana Ribeiro, 38, ressalta: &#8220;Estamos com um olhar mais atento aos detalhes (do espet\u00e1culo). Tudo isso faz parte do nosso compromisso em manter viva essa tradi\u00e7\u00e3o, mas tamb\u00e9m de evoluir com o tempo, honrando os 52 anos de caminhada (da apresenta\u00e7\u00e3o) com ainda mais excel\u00eancia&#8221;.<\/p>\n\n\n\n<h3 class=\"wp-block-heading\">Esquema especial de tr\u00e2nsito e seguran\u00e7a<\/h3>\n\n\n\n<p>A Paix\u00e3o de Cristo, em Planaltina, contar\u00e1 com um esquema para garantir o bom funcionamento de mobilidade e de garantia da ordem coordenado pela Secretaria de Seguran\u00e7a P\u00fablica do Distrito Federal.<\/p>\n\n\n\n<p>Para a prote\u00e7\u00e3o do p\u00fablico, A Pol\u00edcia Militar dar\u00e1 in\u00edcio \u00e0 opera\u00e7\u00e3o \u00e0s 6h, no Morro da Capelinha, com refor\u00e7o de batalh\u00f5es especializados. A Cidade de Seguran\u00e7a \u2014 que oferecer\u00e1 suporte com atendimento m\u00e9dico, policiamento, apoio t\u00e1tico, entre outros servi\u00e7os \u2014 ser\u00e1 montada para funcionar durante toda a Sexta-feira Santa.<\/p>\n\n\n\n<p>Das medidas de preven\u00e7\u00e3o previstas contra delitos e crimes, ser\u00e1 realizada a revista pessoal dos espectadores na entrada do local do evento. Estar\u00e1 proibido, por exemplo, levar objetos que ofere\u00e7am risco de provocar cortes se quebrados, como copos e garrafas de vidro. Al\u00e9m disso, o voo de drones particulares e sem autoriza\u00e7\u00e3o tamb\u00e9m ser\u00e1 negado nas imedia\u00e7\u00f5es da \u00e1rea de apresenta\u00e7\u00e3o.<\/p>\n\n\n\n<h4 class=\"wp-block-heading\">Ve\u00edculos<\/h4>\n\n\n\n<p>O Departamento de Tr\u00e2nsito do Distrito Federal (Detran-DF) far\u00e1 altera\u00e7\u00f5es no tr\u00e1fego para facilitar o acesso ao Morro da Capelinha e evitar congestionamentos. A principal via de acesso, a DF-230, ter\u00e1 sentido \u00fanico, a partir das 12h de sexta-feira (18\/4), no trecho entre as DF 128 e 130.<\/p>\n\n\n\n<p>O \u00f3rg\u00e3o pretende limitar o acesso a duas entradas. Por uma s\u00f3 poder\u00e3o passar pedestres e ve\u00edculos credenciados. Pela outra, \u00f4nibus e demais meios de transportes.<\/p>\n\n\n\n<p>O diretor de Policiamento e Fiscaliza\u00e7\u00e3o do Detran-DF, Glauber Peixoto, refor\u00e7a o alerta para que o p\u00fablico n\u00e3o deixe para ir \u00e0 regi\u00e3o muito tarde. &#8220;\u00c9 importante que as pessoas cheguem com anteced\u00eancia, estacionem em locais permitidos e que estejam atentas aos pedestres&#8221;, destacou.<\/p>\n\n\n\n<h4 class=\"wp-block-heading\">Sa\u00fade<\/h4>\n\n\n\n<p>A estrutura de atendimento m\u00e9dico ser\u00e1 garantida pelo Corpo de Bombeiros Militar do Distrito Federal (CBMDF) em parceria com a Secretaria de Sa\u00fade. Postos de servi\u00e7os pr\u00e9-hospitalares estar\u00e3o preparados, al\u00e9m de carros de resgate, caminh\u00f5es de combate a inc\u00eandios, entre outros equipamentos de salvamento.<\/p>\n\n\n\n<p>O CBMDF orienta que os espectadores usem roupas leves, protetor solar e se mantenham hidratados. De acordo com o Inmet, h\u00e1 previs\u00e3o de chuva para a tarde e \u00e0 noite de sexta-feira (18\/4). A temperatura m\u00e1xima poder\u00e1 chegar aos 28\u00b0C.(Nath\u00e1lia Queiroz)<\/p>\n","protected":false},"excerpt":{"rendered":"<p>Paix\u00e3o de Cristo no Morro da Capelinha chega \u00e0 sua 52\u00aa edi\u00e7\u00e3o. Organizadores esperam p\u00fablico maior em 2025 Um dos eventos mais tradicionais do DF, a encena\u00e7\u00e3o da Paix\u00e3o de Cristo no Morro da Capelinha \u2014 que se realiza desde 1973 em Planaltina \u2014 ocorrer\u00e1 sexta-feira (18\/4) e dever\u00e1 atrair uma multid\u00e3o. Em 2024, cerca [&hellip;]<\/p>\n","protected":false},"author":3,"featured_media":28334,"comment_status":"open","ping_status":"open","sticky":false,"template":"","format":"standard","meta":{"footnotes":""},"categories":[15,22,583],"tags":[],"class_list":["post-28326","post","type-post","status-publish","format-standard","has-post-thumbnail","hentry","category-brasil","category-mundo","category-sem-categoria"],"_links":{"self":[{"href":"https:\/\/jornalcandango.com.br\/index.php?rest_route=\/wp\/v2\/posts\/28326","targetHints":{"allow":["GET"]}}],"collection":[{"href":"https:\/\/jornalcandango.com.br\/index.php?rest_route=\/wp\/v2\/posts"}],"about":[{"href":"https:\/\/jornalcandango.com.br\/index.php?rest_route=\/wp\/v2\/types\/post"}],"author":[{"embeddable":true,"href":"https:\/\/jornalcandango.com.br\/index.php?rest_route=\/wp\/v2\/users\/3"}],"replies":[{"embeddable":true,"href":"https:\/\/jornalcandango.com.br\/index.php?rest_route=%2Fwp%2Fv2%2Fcomments&post=28326"}],"version-history":[{"count":0,"href":"https:\/\/jornalcandango.com.br\/index.php?rest_route=\/wp\/v2\/posts\/28326\/revisions"}],"wp:featuredmedia":[{"embeddable":true,"href":"https:\/\/jornalcandango.com.br\/index.php?rest_route=\/wp\/v2\/media\/28334"}],"wp:attachment":[{"href":"https:\/\/jornalcandango.com.br\/index.php?rest_route=%2Fwp%2Fv2%2Fmedia&parent=28326"}],"wp:term":[{"taxonomy":"category","embeddable":true,"href":"https:\/\/jornalcandango.com.br\/index.php?rest_route=%2Fwp%2Fv2%2Fcategories&post=28326"},{"taxonomy":"post_tag","embeddable":true,"href":"https:\/\/jornalcandango.com.br\/index.php?rest_route=%2Fwp%2Fv2%2Ftags&post=28326"}],"curies":[{"name":"wp","href":"https:\/\/api.w.org\/{rel}","templated":true}]}}