{"id":27852,"date":"2023-04-26T12:23:04","date_gmt":"2023-04-26T15:23:04","guid":{"rendered":"https:\/\/p31noticias.com.br\/?p=27852"},"modified":"2023-04-26T12:23:04","modified_gmt":"2023-04-26T15:23:04","slug":"franca-recebe-proposta-de-paes-e-castro-para-que-santos-dumont-opere-apenas-ponte-aerea-com-brasilia-e-congonhas","status":"publish","type":"post","link":"https:\/\/jornalcandango.com.br\/?p=27852","title":{"rendered":"Fran\u00e7a recebe proposta de Paes e Castro para que Santos Dumont opere apenas ponte a\u00e9rea com Bras\u00edlia e Congonhas."},"content":{"rendered":"<p style=\"text-align: justify;\"><em><strong>Estrat\u00e9gia \u00e9 aumentar n\u00famero de voos no Gale\u00e3o.<\/strong><\/em><\/p>\n<p style=\"text-align: justify;\">O ministro de Portos e Aeroportos,\u00a0<strong><a href=\"https:\/\/jovempan.com.br\/tag\/marcio-franca\">M\u00e1rcio Fran\u00e7a<\/a><\/strong>, recebeu nesta ter\u00e7a-feira, 25, em Bras\u00edlia, o governador e o prefeito do Rio de Janeiro,\u00a0<strong><a href=\"https:\/\/jovempan.com.br\/tag\/claudio-castro\">Cl\u00e1udio Castro<\/a><\/strong>\u00a0e\u00a0<strong><a href=\"https:\/\/jovempan.com.br\/tag\/eduardo-paes\">Eduardo Paes<\/a><\/strong>, com a proposta de estabelecer que o aeroporto\u00a0<strong>Santos Dumont<\/strong>, na cidade do Rio de Janeiro, opere voos apenas para o aeroporto internacional de Bras\u00edlia e para Congonhas, em S\u00e3o Paulo. Com a limita\u00e7\u00e3o, o aeroporto internacional Tom Jobim, o Gale\u00e3o, no Rio de Janeiro, voltaria a operar voos de diferentes destinos e companhias em maior n\u00famero, possibilitando atingir a capacidade para que \u00e9 proposto, e desafogando o Santos Dumont, que hoje sofre com grandes filas e capacidade de passageiros beirando seu limite m\u00e1ximo.<\/p>\n<p style=\"text-align: justify;\">Na quarta-feira, 26, M\u00e1rcio Fran\u00e7a tem reuni\u00e3o marcada com representantes da empresa Changi, de Singapura, maior controladora da concession\u00e1ria RioGale\u00e3o, e que desde o ano passado encaminha processo de devolu\u00e7\u00e3o da concess\u00e3o alegando preju\u00edzos econ\u00f4micos, devido, principalmente, aos efeitos da pandemia da Covid-19 na avia\u00e7\u00e3o civil. No in\u00edcio do m\u00eas, Fran\u00e7a determinou que o aeroporto Santos Dumont n\u00e3o ultrapasse os 10 milh\u00f5es de passageiros em 2023. A declara\u00e7\u00e3o foi feita em publica\u00e7\u00e3o nas redes sociais. \u201cDe pronto, determinamos que a opera\u00e7\u00e3o do Aeroporto Santos Dumont neste ano ter\u00e1 uma redu\u00e7\u00e3o em rela\u00e7\u00e3o ao n\u00famero registrado em 2022, e ficar\u00e1 abaixo de 10 milh\u00f5es de passageiros em 2023\u201d, escreveu.<\/p>\n<p style=\"text-align: justify;\"><span class=\"css-901oao css-16my406 r-poiln3 r-bcqeeo r-qvutc0\">\u201cFoi produtiva a conversa com o governador do RJ,\u00a0<\/span><span class=\"r-18u37iz\">Claudio Castro<\/span><span class=\"css-901oao css-16my406 r-poiln3 r-bcqeeo r-qvutc0\">, e com o prefeito do Rio, Eduardo Paes.\u00a0<\/span><span class=\"css-901oao css-16my406 r-poiln3 r-bcqeeo r-qvutc0\">Estado e Munic\u00edpio apresentaram uma proposta para retomar o protagonismo do Gale\u00e3o. Vamos analis\u00e1-la. Marcamos um novo encontro para o pr\u00f3ximo 16 para avan\u00e7ar na quest\u00e3o. Amanh\u00e3, conversaremos com a Changi, que det\u00e9m a concess\u00e3o. Existe um consenso: o Gale\u00e3o \u00e9 crucial para o Pa\u00eds. O governo brasileiro, Estado do RJ e Prefeitura trabalhar\u00e3o para alterar o atual quadro. Precisamos desse compromisso da concession\u00e1ria\u201d, diz o tu\u00edte do titular da pasta de Portos e Aeroportos.<\/span><\/p>\n<p style=\"text-align: justify;\"><span class=\"css-901oao css-16my406 r-poiln3 r-bcqeeo r-qvutc0\">JP NEWS.\u00a0<\/span><\/p>\n<div id=\"jp-truvid-ad\">\n<div>\n<div>\n<div class=\"trv-player-container\">\n<div class=\"trv-wrapper\">\n<div id=\"br_video_player_3034e\" class=\"trvd_video_player\">\n<div class=\"media-player\">\n<div class=\"trv-video\"><\/div>\n<\/div>\n<\/div>\n<\/div>\n<\/div>\n<\/div>\n<\/div>\n<\/div>\n","protected":false},"excerpt":{"rendered":"<p>Estrat\u00e9gia \u00e9 aumentar n\u00famero de voos no Gale\u00e3o. O ministro de Portos e Aeroportos,\u00a0M\u00e1rcio Fran\u00e7a, recebeu nesta ter\u00e7a-feira, 25, em Bras\u00edlia, o governador e o prefeito do Rio de Janeiro,\u00a0Cl\u00e1udio Castro\u00a0e\u00a0Eduardo Paes, com a proposta de estabelecer que o aeroporto\u00a0Santos Dumont, na cidade do Rio de Janeiro, opere voos apenas para o aeroporto internacional de [&hellip;]<\/p>\n","protected":false},"author":3,"featured_media":27853,"comment_status":"open","ping_status":"open","sticky":false,"template":"","format":"standard","meta":{"footnotes":""},"categories":[15],"tags":[],"class_list":["post-27852","post","type-post","status-publish","format-standard","has-post-thumbnail","hentry","category-brasil"],"_links":{"self":[{"href":"https:\/\/jornalcandango.com.br\/index.php?rest_route=\/wp\/v2\/posts\/27852","targetHints":{"allow":["GET"]}}],"collection":[{"href":"https:\/\/jornalcandango.com.br\/index.php?rest_route=\/wp\/v2\/posts"}],"about":[{"href":"https:\/\/jornalcandango.com.br\/index.php?rest_route=\/wp\/v2\/types\/post"}],"author":[{"embeddable":true,"href":"https:\/\/jornalcandango.com.br\/index.php?rest_route=\/wp\/v2\/users\/3"}],"replies":[{"embeddable":true,"href":"https:\/\/jornalcandango.com.br\/index.php?rest_route=%2Fwp%2Fv2%2Fcomments&post=27852"}],"version-history":[{"count":0,"href":"https:\/\/jornalcandango.com.br\/index.php?rest_route=\/wp\/v2\/posts\/27852\/revisions"}],"wp:featuredmedia":[{"embeddable":true,"href":"https:\/\/jornalcandango.com.br\/index.php?rest_route=\/"}],"wp:attachment":[{"href":"https:\/\/jornalcandango.com.br\/index.php?rest_route=%2Fwp%2Fv2%2Fmedia&parent=27852"}],"wp:term":[{"taxonomy":"category","embeddable":true,"href":"https:\/\/jornalcandango.com.br\/index.php?rest_route=%2Fwp%2Fv2%2Fcategories&post=27852"},{"taxonomy":"post_tag","embeddable":true,"href":"https:\/\/jornalcandango.com.br\/index.php?rest_route=%2Fwp%2Fv2%2Ftags&post=27852"}],"curies":[{"name":"wp","href":"https:\/\/api.w.org\/{rel}","templated":true}]}}