{"id":27640,"date":"2023-03-31T18:56:43","date_gmt":"2023-03-31T21:56:43","guid":{"rendered":"https:\/\/p31noticias.com.br\/?p=27640"},"modified":"2023-03-31T18:56:43","modified_gmt":"2023-03-31T21:56:43","slug":"governo-envia-projeto-de-lei-de-reajuste-de-9-a-servidores-federais","status":"publish","type":"post","link":"https:\/\/jornalcandango.com.br\/?p=27640","title":{"rendered":"Governo envia projeto de lei de reajuste de 9% a servidores federais."},"content":{"rendered":"<h3 class=\"col-10 offset-1 animated fadeInDown dealy-900 display-8 display-md-8 alt-font font-italic my-1 text-center\" style=\"text-align: justify;\"><em><strong>Or\u00e7amento destina R$ 11,2 bilh\u00f5es para reposi\u00e7\u00e3o de perdas salariais.<\/strong><\/em><\/h3>\n<p style=\"text-align: justify;\">O projeto de lei que concede aumento linear de 9% aos servidores p\u00fablicos federais foi encaminhado ao Congresso Nacional . A obriga\u00e7\u00e3o estava prevista no Or\u00e7amento de 2023.<\/p>\n<p style=\"text-align: justify;\">A mensagem com o encaminhamento do projeto foi assinada pelo presidente Luiz In\u00e1cio Lula da Silva. O envio marca a \u00faltima etapa do acordo entre o governo e as entidades que representam os servidores,\u00a0<a href=\"https:\/\/agenciabrasil.ebc.com.br\/economia\/noticia\/2023-03\/governo-federal-reajusta-em-9-os-salarios-de-servidores-publicos\" target=\"_blank\" rel=\"noopener\">firmado na semana passada<\/a>.<\/p>\n<p style=\"text-align: justify;\">O projeto de lei dever\u00e1 ajustar o Or\u00e7amento para a concess\u00e3o do reajuste linear de 9% a todos os servidores, sem alterar a dota\u00e7\u00e3o de R$ 11,2 bilh\u00f5es que estava prevista na Lei Or\u00e7ament\u00e1ria Anual (LOA) para a reposi\u00e7\u00e3o de perdas salariais.<\/p>\n<p style=\"text-align: justify;\">Em rela\u00e7\u00e3o ao aumento de 43,6% no aux\u00edlio-alimenta\u00e7\u00e3o, que passou de R$ 458 para R$ 658, o Minist\u00e9rio do Planejamento e Or\u00e7amento remanejou parte da verba para os gastos com pessoal para a rubrica benef\u00edcios, sem impacto no valor total destinado ao reajuste.<\/p>\n<p style=\"text-align: justify;\">Pelo acordo, os servidores receber\u00e3o 9% de reajuste salarial linear a partir de maio, com pagamento em 1\u00ba de junho. O envio do projeto de lei \u00e9 necess\u00e1rio para atender \u00e0s exig\u00eancias da LOA e autorizar a concess\u00e3o do aumento.<\/p>\n<div class=\"td-post-content tagdiv-type\">\n<p style=\"text-align: justify;\">Ag\u00eancia Brasil.<\/p>\n<\/div>\n<footer>\n<div class=\"td-post-source-tags\"><\/div>\n<div class=\"td-post-sharing-bottom\"><\/div>\n<\/footer>\n","protected":false},"excerpt":{"rendered":"<p>Or\u00e7amento destina R$ 11,2 bilh\u00f5es para reposi\u00e7\u00e3o de perdas salariais. O projeto de lei que concede aumento linear de 9% aos servidores p\u00fablicos federais foi encaminhado ao Congresso Nacional . A obriga\u00e7\u00e3o estava prevista no Or\u00e7amento de 2023. A mensagem com o encaminhamento do projeto foi assinada pelo presidente Luiz In\u00e1cio Lula da Silva. O [&hellip;]<\/p>\n","protected":false},"author":3,"featured_media":27641,"comment_status":"open","ping_status":"open","sticky":false,"template":"","format":"standard","meta":{"footnotes":""},"categories":[15],"tags":[],"class_list":["post-27640","post","type-post","status-publish","format-standard","has-post-thumbnail","hentry","category-brasil"],"_links":{"self":[{"href":"https:\/\/jornalcandango.com.br\/index.php?rest_route=\/wp\/v2\/posts\/27640","targetHints":{"allow":["GET"]}}],"collection":[{"href":"https:\/\/jornalcandango.com.br\/index.php?rest_route=\/wp\/v2\/posts"}],"about":[{"href":"https:\/\/jornalcandango.com.br\/index.php?rest_route=\/wp\/v2\/types\/post"}],"author":[{"embeddable":true,"href":"https:\/\/jornalcandango.com.br\/index.php?rest_route=\/wp\/v2\/users\/3"}],"replies":[{"embeddable":true,"href":"https:\/\/jornalcandango.com.br\/index.php?rest_route=%2Fwp%2Fv2%2Fcomments&post=27640"}],"version-history":[{"count":0,"href":"https:\/\/jornalcandango.com.br\/index.php?rest_route=\/wp\/v2\/posts\/27640\/revisions"}],"wp:featuredmedia":[{"embeddable":true,"href":"https:\/\/jornalcandango.com.br\/index.php?rest_route=\/"}],"wp:attachment":[{"href":"https:\/\/jornalcandango.com.br\/index.php?rest_route=%2Fwp%2Fv2%2Fmedia&parent=27640"}],"wp:term":[{"taxonomy":"category","embeddable":true,"href":"https:\/\/jornalcandango.com.br\/index.php?rest_route=%2Fwp%2Fv2%2Fcategories&post=27640"},{"taxonomy":"post_tag","embeddable":true,"href":"https:\/\/jornalcandango.com.br\/index.php?rest_route=%2Fwp%2Fv2%2Ftags&post=27640"}],"curies":[{"name":"wp","href":"https:\/\/api.w.org\/{rel}","templated":true}]}}