{"id":27487,"date":"2023-03-19T01:29:22","date_gmt":"2023-03-19T04:29:22","guid":{"rendered":"https:\/\/p31noticias.com.br\/?p=27487"},"modified":"2023-03-19T01:29:22","modified_gmt":"2023-03-19T04:29:22","slug":"inscricoes-para-o-enem-serao-realizadas-de-5-a-16-de-junho","status":"publish","type":"post","link":"https:\/\/jornalcandango.com.br\/?p=27487","title":{"rendered":"Inscri\u00e7\u00f5es para o Enem ser\u00e3o realizadas de 5 a 16 de junho."},"content":{"rendered":"<h3 class=\"col-10 offset-1 animated fadeInDown dealy-900 display-8 display-md-8 alt-font font-italic my-1 text-center\" style=\"text-align: justify;\"><em><strong>Provas foram mantidas nos dias 5 e 12 de novembro.<\/strong><\/em><\/h3>\n<div class=\"post-item-wrap\" style=\"text-align: justify;\">\n<p>O Minist\u00e9rio da Educa\u00e7\u00e3o (MEC) estipulou novo prazo para as inscri\u00e7\u00f5es no Exame Nacional do Ensino M\u00e9dio (Enem Regular 2023).<\/p>\n<p>Segundo a\u00a0<a href=\"https:\/\/www.in.gov.br\/web\/dou\/-\/portaria-n-116-de-14-de-marco-de-2023-470044925\" target=\"_blank\" rel=\"noopener\">Portaria n\u00ba 116<\/a>, publicada no\u00a0<em>Di\u00e1rio Oficial da Uni\u00e3o<\/em>, as inscri\u00e7\u00f5es dever\u00e3o ser feitas entre os dias 5 e 16 de junho.<img decoding=\"async\" src=\"https:\/\/agenciabrasil.ebc.com.br\/ebc.png?id=1516476&amp;o=node\" \/><img decoding=\"async\" src=\"https:\/\/agenciabrasil.ebc.com.br\/ebc.gif?id=1516476&amp;o=node\" \/><\/p>\n<p>A data das provas, tanto para a vers\u00e3o impressa quanto para a digital, foi mantida nos dias 5 e 12 de novembro deste ano. O gabarito ser\u00e1 divulgado em 24 de novembro e os resultados, em 16 de janeiro de 2024.<\/p>\n<p>De acordo com o Instituto Nacional de Estudos e Pesquisas Educacionais An\u00edsio Teixeira (Inep), foram mantidas as datas do Enem voltado para pessoas privadas de liberdade (PPL), bem como para a reaplica\u00e7\u00e3o do Enem Regular, conforme previsto pela<a href=\"https:\/\/www.in.gov.br\/en\/web\/dou\/-\/portaria-n-575-de-30-de-dezembro-de-2022-455423916\" target=\"_blank\" rel=\"noopener\">\u00a0Portaria 575<\/a>\u00a0de dezembro de 2022.<\/p>\n<p>Assim sendo, as inscri\u00e7\u00f5es ser\u00e3o de 9 a 27 de outubro e a aplica\u00e7\u00e3o, nos dias 12 e 13 de dezembro. O gabarito do Enem 2023 para PPL (e para reaplica\u00e7\u00e3o do Enem Regular) ser\u00e1 divulgado no dia 27 de dezembro e os resultados, em 16 de janeiro de 2024.<\/p>\n<\/div>\n<p class=\"alt-font font-italic my-2 small text-info\" style=\"text-align: justify;\">Agencia Brasil.<\/p>\n<p>&nbsp;<\/p>\n","protected":false},"excerpt":{"rendered":"<p>Provas foram mantidas nos dias 5 e 12 de novembro. O Minist\u00e9rio da Educa\u00e7\u00e3o (MEC) estipulou novo prazo para as inscri\u00e7\u00f5es no Exame Nacional do Ensino M\u00e9dio (Enem Regular 2023). Segundo a\u00a0Portaria n\u00ba 116, publicada no\u00a0Di\u00e1rio Oficial da Uni\u00e3o, as inscri\u00e7\u00f5es dever\u00e3o ser feitas entre os dias 5 e 16 de junho. A data das [&hellip;]<\/p>\n","protected":false},"author":3,"featured_media":27488,"comment_status":"open","ping_status":"open","sticky":false,"template":"","format":"standard","meta":{"footnotes":""},"categories":[15],"tags":[],"class_list":["post-27487","post","type-post","status-publish","format-standard","has-post-thumbnail","hentry","category-brasil"],"_links":{"self":[{"href":"https:\/\/jornalcandango.com.br\/index.php?rest_route=\/wp\/v2\/posts\/27487","targetHints":{"allow":["GET"]}}],"collection":[{"href":"https:\/\/jornalcandango.com.br\/index.php?rest_route=\/wp\/v2\/posts"}],"about":[{"href":"https:\/\/jornalcandango.com.br\/index.php?rest_route=\/wp\/v2\/types\/post"}],"author":[{"embeddable":true,"href":"https:\/\/jornalcandango.com.br\/index.php?rest_route=\/wp\/v2\/users\/3"}],"replies":[{"embeddable":true,"href":"https:\/\/jornalcandango.com.br\/index.php?rest_route=%2Fwp%2Fv2%2Fcomments&post=27487"}],"version-history":[{"count":0,"href":"https:\/\/jornalcandango.com.br\/index.php?rest_route=\/wp\/v2\/posts\/27487\/revisions"}],"wp:featuredmedia":[{"embeddable":true,"href":"https:\/\/jornalcandango.com.br\/index.php?rest_route=\/"}],"wp:attachment":[{"href":"https:\/\/jornalcandango.com.br\/index.php?rest_route=%2Fwp%2Fv2%2Fmedia&parent=27487"}],"wp:term":[{"taxonomy":"category","embeddable":true,"href":"https:\/\/jornalcandango.com.br\/index.php?rest_route=%2Fwp%2Fv2%2Fcategories&post=27487"},{"taxonomy":"post_tag","embeddable":true,"href":"https:\/\/jornalcandango.com.br\/index.php?rest_route=%2Fwp%2Fv2%2Ftags&post=27487"}],"curies":[{"name":"wp","href":"https:\/\/api.w.org\/{rel}","templated":true}]}}