{"id":27407,"date":"2023-02-28T14:51:03","date_gmt":"2023-02-28T17:51:03","guid":{"rendered":"https:\/\/p31noticias.com.br\/?p=27407"},"modified":"2023-02-28T14:51:03","modified_gmt":"2023-02-28T17:51:03","slug":"moraes-prorroga-inquerito-contra-ibaneis-e-torres-no-stf-por-mais-60-dias","status":"publish","type":"post","link":"https:\/\/jornalcandango.com.br\/?p=27407","title":{"rendered":"Moraes prorroga inqu\u00e9rito contra Ibaneis e Torres no STF por mais 60 dias."},"content":{"rendered":"<p style=\"text-align: justify;\"><em><strong>Ibaneis Rocha &#8211; Mais 60 dias.<\/strong><\/em><\/p>\n<p style=\"text-align: justify;\">O ministro do STF (Supremo Tribunal Federal) atendeu a pedido da PF (Pol\u00edcia Federal). O inqu\u00e9rito investiga suposta omiss\u00e3o de autoridades, como o governador afastado do Distrito Federal Ibaneis Rocha (MDB), e o ex-secret\u00e1rio Anderson Torres nos atos golpistas de 8 de janeiro.<\/p>\n<p style=\"text-align: justify;\">&#8220;Considerando a necessidade de prosseguimento das investiga\u00e7\u00f5es, com a realiza\u00e7\u00e3o das dilig\u00eancias ainda pendentes, h\u00e1 necessidade de prorroga\u00e7\u00e3o do presente inqu\u00e9rito&#8221;, escreveu Moraes na decis\u00e3o.<\/p>\n<p style=\"text-align: justify;\">Al\u00e9m de Ibaneis e Torres, tamb\u00e9m s\u00e3o alvo do inqu\u00e9rito F\u00e1bio Augusto Vieira, ex-comandante-geral da Pol\u00edcia Militar do Distrito Federal, e Fernando Sousa Oliveira, secret\u00e1rio de seguran\u00e7a substituto do DF. Mais de 1,3 mil pessoas foram presas ap\u00f3s os atos golpistas que resultaram na invas\u00e3o e depreda\u00e7\u00e3o do Pal\u00e1cio do Planalto, do Congresso Nacional e da sede do STF. Segundo recente levantamento do MPF, que perfila os envolvidos nos atos antidemocr\u00e1ticos, metade dos presos nesses atos receberam aux\u00edlio emergencial.<\/p>\n<p style=\"text-align: justify;\">Fonte : UOL<\/p>\n","protected":false},"excerpt":{"rendered":"<p>Ibaneis Rocha &#8211; Mais 60 dias. O ministro do STF (Supremo Tribunal Federal) atendeu a pedido da PF (Pol\u00edcia Federal). O inqu\u00e9rito investiga suposta omiss\u00e3o de autoridades, como o governador afastado do Distrito Federal Ibaneis Rocha (MDB), e o ex-secret\u00e1rio Anderson Torres nos atos golpistas de 8 de janeiro. &#8220;Considerando a necessidade de prosseguimento das [&hellip;]<\/p>\n","protected":false},"author":3,"featured_media":27408,"comment_status":"open","ping_status":"open","sticky":false,"template":"","format":"standard","meta":{"footnotes":""},"categories":[15,17],"tags":[],"class_list":["post-27407","post","type-post","status-publish","format-standard","has-post-thumbnail","hentry","category-brasil","category-brasilia"],"_links":{"self":[{"href":"https:\/\/jornalcandango.com.br\/index.php?rest_route=\/wp\/v2\/posts\/27407","targetHints":{"allow":["GET"]}}],"collection":[{"href":"https:\/\/jornalcandango.com.br\/index.php?rest_route=\/wp\/v2\/posts"}],"about":[{"href":"https:\/\/jornalcandango.com.br\/index.php?rest_route=\/wp\/v2\/types\/post"}],"author":[{"embeddable":true,"href":"https:\/\/jornalcandango.com.br\/index.php?rest_route=\/wp\/v2\/users\/3"}],"replies":[{"embeddable":true,"href":"https:\/\/jornalcandango.com.br\/index.php?rest_route=%2Fwp%2Fv2%2Fcomments&post=27407"}],"version-history":[{"count":0,"href":"https:\/\/jornalcandango.com.br\/index.php?rest_route=\/wp\/v2\/posts\/27407\/revisions"}],"wp:featuredmedia":[{"embeddable":true,"href":"https:\/\/jornalcandango.com.br\/index.php?rest_route=\/"}],"wp:attachment":[{"href":"https:\/\/jornalcandango.com.br\/index.php?rest_route=%2Fwp%2Fv2%2Fmedia&parent=27407"}],"wp:term":[{"taxonomy":"category","embeddable":true,"href":"https:\/\/jornalcandango.com.br\/index.php?rest_route=%2Fwp%2Fv2%2Fcategories&post=27407"},{"taxonomy":"post_tag","embeddable":true,"href":"https:\/\/jornalcandango.com.br\/index.php?rest_route=%2Fwp%2Fv2%2Ftags&post=27407"}],"curies":[{"name":"wp","href":"https:\/\/api.w.org\/{rel}","templated":true}]}}