{"id":27390,"date":"2023-02-21T21:05:45","date_gmt":"2023-02-22T00:05:45","guid":{"rendered":"https:\/\/p31noticias.com.br\/?p=27390"},"modified":"2023-02-21T21:05:45","modified_gmt":"2023-02-22T00:05:45","slug":"justica-espanhola-nega-recurso-a-daniel-alves-e-jogador-seguira-preso","status":"publish","type":"post","link":"https:\/\/jornalcandango.com.br\/?p=27390","title":{"rendered":"Justi\u00e7a espanhola nega recurso a Daniel Alves, e jogador seguir\u00e1 preso."},"content":{"rendered":"<h2 class=\"content-head__subtitle\" style=\"text-align: justify;\"><em><strong>Defesa havia pedido que jogador respondesse em liberdade por acusa\u00e7\u00e3o de estupro. Segundo nova decis\u00e3o, ainda h\u00e1 alto risco de que o jogador fuja para o Brasil, onde, na avalia\u00e7\u00e3o de ju\u00edzes, est\u00e1 sua resid\u00eancia principal.<\/strong><\/em><\/h2>\n<div id=\"chunk-dm30n\" style=\"text-align: justify;\">\n<div class=\"mc-column content-text active-extra-styles \" data-block-type=\"unstyled\" data-block-weight=\"35\" data-block-id=\"3\">\n<p class=\"content-text__container \" data-track-category=\"Link no Texto\" data-track-links=\"\">A Justi\u00e7a da\u00a0<a href=\"https:\/\/g1.globo.com\/tudo-sobre\/espanha\/\">Espanha<\/a>\u00a0negou recurso da defesa do jogador brasileiro Daniel Alves e decidiu nesta ter\u00e7a-feira (21) que ele deve seguir em<strong>\u00a0<\/strong>pris\u00e3o preventiva\u00a0<strong>por risco de fuga elevado<\/strong>. Alves nega a acusa\u00e7\u00e3o.<\/p>\n<\/div>\n<\/div>\n<div class=\"wall protected-content\">\n<div class=\"mc-column content-text active-extra-styles\" style=\"text-align: justify;\" data-block-type=\"raw\" data-block-weight=\"6\" data-block-id=\"4\">\n<p>Alves \u00e9 acusado de ter estuprado uma espanhola de 23 anos em uma boate em <a href=\"http:\/\/g1.globo.com\/mundo\/espanha\/cidade\/barcelona.html\">Barcelona<\/a>\u00a0no fim de dezembro. Ele nega, mas<a href=\"https:\/\/g1.globo.com\/mundo\/noticia\/2023\/01\/20\/juiza-ordena-prisao-preventiva-de-daniel-alves-na-espanha.ghtml\">\u00a0no fim de janeiro a Justi\u00e7a acatou um pedido da Promotoria para mant\u00ea-lo em pris\u00e3o preventiva<\/a>. Ele est\u00e1 preso h\u00e1 um m\u00eas.<\/p>\n<\/div>\n<div id=\"chunk-bfe8d\">\n<div class=\"mc-column content-text active-extra-styles \" data-block-type=\"unstyled\" data-block-weight=\"26\" data-block-id=\"6\">\n<p class=\"content-text__container \" style=\"text-align: justify;\" data-track-category=\"Link no Texto\" data-track-links=\"\"><a href=\"https:\/\/g1.globo.com\/mundo\/noticia\/2023\/02\/16\/risco-de-fuga-elevado-deve-manter-daniel-alves-na-prisao-afirma-advogada-de-acusacao.ghtml\">Conforme reportagem do g1 na semana passada<\/a>, o risco de fuga foi o principal argumento dos ju\u00edzes para mant\u00ea-lo preso enquanto aguarda resolu\u00e7\u00e3o do caso.<\/p>\n<div id=\"chunk-5ehhd\" style=\"text-align: justify;\">\n<div class=\"mc-column content-text active-extra-styles \" data-block-type=\"unstyled\" data-block-weight=\"64\" data-block-id=\"8\">\n<p class=\"content-text__container \" data-track-category=\"Link no Texto\" data-track-links=\"\">A defesa do jogador havia alegado que desmontaria o argumento do risco de fuga ao provar que o brasileiro tem resid\u00eancia fixa em Barcelona &#8211; ele tem uma casa na capital catal\u00e3 com sua esposa, a modelo espanhola Joana Sanz. Os advogados ofereceram ainda que jogador entregasse seus passaportes e se apresentasse diariamente \u00e0 Justi\u00e7a como garantia de que n\u00e3o deixaria a Espanha.<\/p>\n<\/div>\n<\/div>\n<div id=\"chunk-c7sn3\" style=\"text-align: justify;\">\n<div class=\"mc-column content-text active-extra-styles \" data-block-type=\"unstyled\" data-block-weight=\"25\" data-block-id=\"9\">\n<p class=\"content-text__container \" data-track-category=\"Link no Texto\" data-track-links=\"\">Os ju\u00edzes, no entanto, entenderam que as garantias n\u00e3o excluem a possibilidade de que o brasileiro possa fugir para o Brasil. Para isso, alegaram que:<\/p>\n<\/div>\n<\/div>\n<div class=\"mc-column content-text active-extra-styles\" style=\"text-align: justify;\" data-block-type=\"raw\" data-block-weight=\"37\" data-block-id=\"10\">\n<ul class=\"content-unordered-list\">\n<li>A\u00a0<strong>resid\u00eancia principal\u00a0<\/strong>de Daniel Alves \u00e9 no<strong>\u00a0Brasil<\/strong><\/li>\n<li>Ele tem uma<strong>\u00a0s\u00e9rie de neg\u00f3cios em territ\u00f3rio brasileiro<\/strong><\/li>\n<li>Ele possui ainda\u00a0<strong>condi\u00e7\u00f5es financeiras<\/strong> de alugar um avi\u00e3o para deixar a Espanha sem os controles tradicionais dos aeroportos.<\/li>\n<\/ul>\n<\/div>\n<div id=\"chunk-68av0\" style=\"text-align: justify;\">\n<div class=\"mc-column content-text active-extra-styles \" data-block-type=\"unstyled\" data-block-weight=\"47\" data-block-id=\"11\">\n<p class=\"content-text__container \" data-track-category=\"Link no Texto\" data-track-links=\"\">A defesa de Alves, encabe\u00e7ada por um dos principais advogados cirminalistas do pa\u00eds, estava confiante de que o recurso seria positivo para o jogador. Os advogados contaram \u00e0 imprensa espanhola que o texto do recurso desarmava os principais argumentos da acusa\u00e7\u00e3o e da Promotoria de Barcelona.<\/p>\n<\/div>\n<\/div>\n<div id=\"chunk-5lqcp\">\n<div class=\"mc-column content-text active-extra-styles \" data-block-type=\"unstyled\" data-block-weight=\"41\" data-block-id=\"12\">\n<p class=\"content-text__container \" style=\"text-align: justify;\" data-track-category=\"Link no Texto\" data-track-links=\"\">No fim de semana, se soube que um dos tr\u00eas ju\u00edzes que julgariam o recurso \u00e9 Eduardo Navarro, um conhecido magistrado espanhol que tem por estilo negar pedidos de pris\u00e3o preventiva. Navarro costuma defender que acusados aguardem processos em liberdade.<\/p>\n<div id=\"chunk-7j2op\" style=\"text-align: justify;\">\n<div class=\"mc-column content-text active-extra-styles \" data-block-type=\"unstyled\" data-block-weight=\"31\" data-block-id=\"16\">\n<p class=\"content-text__container \" data-track-category=\"Link no Texto\" data-track-links=\"\">A den\u00fancia, em tr\u00e2mite na Justi\u00e7a da regi\u00e3o da Catalunha, foi\u00a0<a href=\"https:\/\/g1.globo.com\/mundo\/noticia\/2023\/01\/06\/policia-da-espanha-investiga-queixa-de-assedio-sexual-contra-daniel-alves-jogador-nega.ghtml\">feita por uma mulher que estava na mesma festa de Alves<\/a>, em uma boate da cidade, no fim de dezembro.<\/p>\n<\/div>\n<\/div>\n<div id=\"chunk-5qbcq\">\n<div class=\"mc-column content-text active-extra-styles \" data-block-type=\"unstyled\" data-block-weight=\"45\" data-block-id=\"17\">\n<p class=\"content-text__container \" style=\"text-align: justify;\" data-track-category=\"Link no Texto\" data-track-links=\"\">Ex-lateral do Barcelona e convocado para a sele\u00e7\u00e3o na Copa do Catar de 2022, Daniel Alves negou a acusa\u00e7\u00e3o. Dias depois, no entanto, confrontado com novos ind\u00edcios em depoimento \u00e0 pol\u00edcia, ele\u00a0<strong>admitiu ter tido rela\u00e7\u00f5es sexuais com a mulher, mas alegou terem sido consensuais<\/strong>.<\/p>\n<p style=\"text-align: justify;\" data-track-category=\"Link no Texto\" data-track-links=\"\">Alves foi ent\u00e3o detido ainda durante o depoimento. O brasileiro saiu do depoimento em um carro da pol\u00edcia, que o levou a uma sede da Justi\u00e7a, onde ele ficou sob cust\u00f3dia judicial.<\/p>\n<p style=\"text-align: justify;\" data-track-category=\"Link no Texto\" data-track-links=\"\">Horas depois, a Promotoria entrou com o pedido de pris\u00e3o preventiva, e a Justi\u00e7a acatou, enviando o jogador ent\u00e3o a um complexo presidi\u00e1rio nos arredores de Barcelona, onde ele est\u00e1 at\u00e9 hoje.<\/p>\n<p style=\"text-align: justify;\" data-track-category=\"Link no Texto\" data-track-links=\"\">Fonte : G1<\/p>\n<\/div>\n<\/div>\n<\/div>\n<\/div>\n<\/div>\n<\/div>\n<\/div>\n","protected":false},"excerpt":{"rendered":"<p>Defesa havia pedido que jogador respondesse em liberdade por acusa\u00e7\u00e3o de estupro. Segundo nova decis\u00e3o, ainda h\u00e1 alto risco de que o jogador fuja para o Brasil, onde, na avalia\u00e7\u00e3o de ju\u00edzes, est\u00e1 sua resid\u00eancia principal. A Justi\u00e7a da\u00a0Espanha\u00a0negou recurso da defesa do jogador brasileiro Daniel Alves e decidiu nesta ter\u00e7a-feira (21) que ele deve [&hellip;]<\/p>\n","protected":false},"author":3,"featured_media":27391,"comment_status":"open","ping_status":"open","sticky":false,"template":"","format":"standard","meta":{"footnotes":""},"categories":[15],"tags":[],"class_list":["post-27390","post","type-post","status-publish","format-standard","has-post-thumbnail","hentry","category-brasil"],"_links":{"self":[{"href":"https:\/\/jornalcandango.com.br\/index.php?rest_route=\/wp\/v2\/posts\/27390","targetHints":{"allow":["GET"]}}],"collection":[{"href":"https:\/\/jornalcandango.com.br\/index.php?rest_route=\/wp\/v2\/posts"}],"about":[{"href":"https:\/\/jornalcandango.com.br\/index.php?rest_route=\/wp\/v2\/types\/post"}],"author":[{"embeddable":true,"href":"https:\/\/jornalcandango.com.br\/index.php?rest_route=\/wp\/v2\/users\/3"}],"replies":[{"embeddable":true,"href":"https:\/\/jornalcandango.com.br\/index.php?rest_route=%2Fwp%2Fv2%2Fcomments&post=27390"}],"version-history":[{"count":0,"href":"https:\/\/jornalcandango.com.br\/index.php?rest_route=\/wp\/v2\/posts\/27390\/revisions"}],"wp:featuredmedia":[{"embeddable":true,"href":"https:\/\/jornalcandango.com.br\/index.php?rest_route=\/"}],"wp:attachment":[{"href":"https:\/\/jornalcandango.com.br\/index.php?rest_route=%2Fwp%2Fv2%2Fmedia&parent=27390"}],"wp:term":[{"taxonomy":"category","embeddable":true,"href":"https:\/\/jornalcandango.com.br\/index.php?rest_route=%2Fwp%2Fv2%2Fcategories&post=27390"},{"taxonomy":"post_tag","embeddable":true,"href":"https:\/\/jornalcandango.com.br\/index.php?rest_route=%2Fwp%2Fv2%2Ftags&post=27390"}],"curies":[{"name":"wp","href":"https:\/\/api.w.org\/{rel}","templated":true}]}}