{"id":27364,"date":"2023-02-21T00:05:44","date_gmt":"2023-02-21T03:05:44","guid":{"rendered":"https:\/\/p31noticias.com.br\/?p=27364"},"modified":"2023-02-21T00:05:44","modified_gmt":"2023-02-21T03:05:44","slug":"em-sao-sebastiao-lula-promete-reconstrucao-de-casas-em-areas-seguras","status":"publish","type":"post","link":"https:\/\/jornalcandango.com.br\/?p=27364","title":{"rendered":"Em S\u00e3o Sebasti\u00e3o, Lula promete reconstru\u00e7\u00e3o de casas em \u00e1reas seguras."},"content":{"rendered":"<h3 class=\"col-10 offset-1 animated fadeInDown dealy-900 display-8 display-md-8 alt-font font-italic my-1 text-center\" style=\"text-align: justify;\"><em><strong>Presidente visitou a regi\u00e3o, onde chuvas deixaram 36 mortos.<\/strong><\/em><\/h3>\n<p style=\"text-align: justify;\">Em visita ao munic\u00edpio paulista de S\u00e3o Sebasti\u00e3o, o presidente da Rep\u00fablica, Luiz In\u00e1cio Lula da Silva, garantiu a reconstru\u00e7\u00e3o de casas atingidas pelos temporais, desde que em \u00e1reas consideradas seguras e aptas para moradias.<img decoding=\"async\" src=\"https:\/\/agenciabrasil.ebc.com.br\/ebc.png?id=1511762&amp;o=node\" \/>O presidente lembrou que h\u00e1 munic\u00edpios brasileiros que registraram trag\u00e9dias semelhantes h\u00e1 cinco, seis ou sete anos e que, ainda assim, o problema habitacional das fam\u00edlias afetadas n\u00e3o foi resolvido.<\/p>\n<p style=\"text-align: justify;\">Lula pediu ao\u00a0prefeito da cidade,\u00a0\u00a0Felipe Augusto, aux\u00edlio para mapear as localidades em que a Defesa Civil atesta seguran\u00e7a para a constru\u00e7\u00e3o de casas. \u201cDesta vez, vai acontecer de verdade. S\u00f3 arrumar terreno mais seguro\u201d, disse. \u201cVoc\u00eas v\u00e3o voltar a\u00a0ter\u00a0um ninho, para cuidar da fam\u00edlia de voc\u00eas\u201d, completou.<\/p>\n<h2 style=\"text-align: justify;\">Uni\u00e3o<\/h2>\n<p style=\"text-align: justify;\">Durante a visita, Lula enfatizou que os governos federal, estadual e municipal devem atuar juntos para superar a trag\u00e9dia que deixou, at\u00e9 o momento, 36 mortos.<\/p>\n<p style=\"text-align: justify;\">\u201cEstamos juntos. Acabou a elei\u00e7\u00e3o\u201d, disse, ao lado do governador de S\u00e3o Paulo, Tarc\u00edsio de Freitas, e do prefeito de S\u00e3o Sebasti\u00e3o, Felipe Augusto. \u201cSe cada um ficar trabalhando sozinho, nossa capacidade de rendimento \u00e9 muito menor. Por isso, precisamos estar juntos\u201d.<\/p>\n<p style=\"text-align: justify;\">Em entrevista, Lula manifestou solidariedade ao povo do litoral norte de S\u00e3o Paulo e pediu ora\u00e7\u00f5es n\u00e3o apenas pelas v\u00edtimas e suas fam\u00edlias, mas para que a chuva cesse ao longo dos pr\u00f3ximos dias e o tempo permita a continuidade dos trabalhos de resgate.<\/p>\n<p style=\"text-align: justify;\">\u201cUma boa reza, com muita f\u00e9, sempre ajuda a reconquistar o que a gente quer.\u201d<\/p>\n<p style=\"text-align: justify;\">Ele lembrou que, \u201ch\u00e1 muito tempo\u201d, n\u00e3o se via no pa\u00eds governador, presidente e prefeito sentados \u00e0 mesa em fun\u00e7\u00e3o de algo em comum e que atinge a todos. \u201c\u00c9 uma demonstra\u00e7\u00e3o de que \u00e9 poss\u00edvel exercer a nossa fun\u00e7\u00e3o na democracia mesmo quando a gente pertence a partidos diferentes\u201d.<\/p>\n<p style=\"text-align: justify;\">\u201cBem comum do povo \u00e9 muito mais importante do que qualquer diverg\u00eancia que a gente possa ter.<\/p>\n<p>possa\u00a0ter.\u201d<\/p>\n<div class=\"twitter-tweet twitter-tweet-rendered\"><iframe id=\"twitter-widget-0\" class=\"\" title=\"Twitter Tweet\" src=\"https:\/\/platform.twitter.com\/embed\/Tweet.html?creatorScreenName=agenciabrasil&amp;dnt=false&amp;embedId=twitter-widget-0&amp;features=eyJ0ZndfdGltZWxpbmVfbGlzdCI6eyJidWNrZXQiOltdLCJ2ZXJzaW9uIjpudWxsfSwidGZ3X2ZvbGxvd2VyX2NvdW50X3N1bnNldCI6eyJidWNrZXQiOnRydWUsInZlcnNpb24iOm51bGx9LCJ0ZndfdHdlZXRfZWRpdF9iYWNrZW5kIjp7ImJ1Y2tldCI6Im9uIiwidmVyc2lvbiI6bnVsbH0sInRmd19yZWZzcmNfc2Vzc2lvbiI6eyJidWNrZXQiOiJvbiIsInZlcnNpb24iOm51bGx9LCJ0Zndfc2hvd19idXNpbmVzc192ZXJpZmllZF9iYWRnZSI6eyJidWNrZXQiOiJvbiIsInZlcnNpb24iOm51bGx9LCJ0ZndfbWl4ZWRfbWVkaWFfMTU4OTciOnsiYnVja2V0IjoidHJlYXRtZW50IiwidmVyc2lvbiI6bnVsbH0sInRmd19leHBlcmltZW50c19jb29raWVfZXhwaXJhdGlvbiI6eyJidWNrZXQiOjEyMDk2MDAsInZlcnNpb24iOm51bGx9LCJ0ZndfZHVwbGljYXRlX3NjcmliZXNfdG9fc2V0dGluZ3MiOnsiYnVja2V0Ijoib24iLCJ2ZXJzaW9uIjpudWxsfSwidGZ3X3ZpZGVvX2hsc19keW5hbWljX21hbmlmZXN0c18xNTA4MiI6eyJidWNrZXQiOiJ0cnVlX2JpdHJhdGUiLCJ2ZXJzaW9uIjpudWxsfSwidGZ3X3Nob3dfYmx1ZV92ZXJpZmllZF9iYWRnZSI6eyJidWNrZXQiOiJvbiIsInZlcnNpb24iOm51bGx9LCJ0ZndfbGVnYWN5X3RpbWVsaW5lX3N1bnNldCI6eyJidWNrZXQiOnRydWUsInZlcnNpb24iOm51bGx9LCJ0Zndfc2hvd19nb3ZfdmVyaWZpZWRfYmFkZ2UiOnsiYnVja2V0Ijoib24iLCJ2ZXJzaW9uIjpudWxsfSwidGZ3X3Nob3dfYnVzaW5lc3NfYWZmaWxpYXRlX2JhZGdlIjp7ImJ1Y2tldCI6Im9uIiwidmVyc2lvbiI6bnVsbH0sInRmd190d2VldF9lZGl0X2Zyb250ZW5kIjp7ImJ1Y2tldCI6Im9uIiwidmVyc2lvbiI6bnVsbH19&amp;frame=false&amp;hideCard=false&amp;hideThread=false&amp;id=1627693029241880577&amp;lang=pt&amp;origin=https%3A%2F%2Fagenciabrasil.ebc.com.br%2Fpolitica%2Fnoticia%2F2023-02%2FEm%2520sao-sebastiao-lula-promete-reconstrucao-de-casas-em-areas-seguras&amp;sessionId=6b6a32d4040f83b740325641f2c775769c5dd4f1&amp;siteScreenName=agenciabrasil&amp;theme=light&amp;widgetsVersion=aaf4084522e3a%3A1674595607486&amp;width=550px\" frameborder=\"0\" scrolling=\"no\" allowfullscreen=\"allowfullscreen\" data-tweet-id=\"1627693029241880577\" data-mce-fragment=\"1\"><\/iframe><\/div>\n<h2><\/h2>\n<h2 style=\"text-align: justify;\">Calamidade p\u00fablica<\/h2>\n<p style=\"text-align: justify;\">A Defesa Civil Nacional reconheceu, de forma sum\u00e1ria, estado de calamidade p\u00fablica em S\u00e3o Sebasti\u00e3o, Caraguatatuba, Guaruj\u00e1, Bertioga, Ilhabela e Ubatuba, os mais atingidos pelas chuvas do fim de semana. Pelo menos\u00a036 pessoas morreram na regi\u00e3o.<\/p>\n<p style=\"text-align: justify;\">As chuvas persistentes causaram\u00a0<a href=\"https:\/\/agenciabrasil.ebc.com.br\/geral\/noticia\/2023-02\/litoral-norte-tem-970-desalojados-e-747-desabrigados-apos-temporais\" target=\"_blank\" rel=\"noopener\">bloqueio de estradas<\/a>, queda de barreiras, inunda\u00e7\u00f5es, deslizamentos, desabamentos e afetaram\u00a0o abastecimento de \u00e1gua e energia.<\/p>\n<div class=\"dnd-widget-wrapper context-cheio_8colunas type-image\" style=\"text-align: justify;\">\n<div class=\"dnd-atom-rendered\">\n<div class=\"shadow overflow-hidden rounded-lg d-block zoom-on-hover-sm shadow-hover w-100\"><img decoding=\"async\" class=\"flex-fill img-cover\" title=\"Prefeitura S\u0101o Sebasti\u0101o\/Divulga\u00e7\u0101o\" src=\"https:\/\/imagens.ebc.com.br\/BOLr73f_OVpZKJuPTOGph2XdeOY=\/754x0\/smart\/https:\/\/agenciabrasil.ebc.com.br\/sites\/default\/files\/thumbnails\/image\/foto1.jpg?itok=AEE1vEjw\" alt=\"S\u0101o Sebasti\u0101o (SP) -  20\/02\/2023 - Um trator da prefeitura de S\u0101o Sebasti\u0101o (SP) tira entulhos em uma rodovia do munic\u00edpio o mais afetado pelas fortes chuvas que atingiram o litoral paulista Foto: Prefeitura S\u0101o Sebasti\u0101o\/Divulga\u00e7\u0101o\" \/><\/div>\n<\/div>\n<div class=\"dnd-caption-wrapper\">\n<h6 class=\"meta\">Trator da prefeitura de S\u0101o Sebasti\u0101o\u00a0tira entulhos em uma rodovia do munic\u00edpio o mais afetado pelas fortes chuvas que atingiram o litoral paulista\u00a0<strong>Prefeitura S\u0101o Sebasti\u0101o\/Divulga\u00e7\u0101o<\/strong><\/h6>\n<\/div>\n<\/div>\n<p style=\"text-align: justify;\">A prioridade, de acordo com o governo do estado, \u00e9 o\u00a0socorro \u00e0s v\u00edtimas e o amparo aos mais de 970 desalojados e 747 desabrigados.\u00a0Mais de 500 pessoas, entre servidores das for\u00e7as de seguran\u00e7a e resgate do governo estadual, das For\u00e7as Armadas e da Pol\u00edcia Federal, al\u00e9m de volunt\u00e1rios, seguem empenhadas nas a\u00e7\u00f5es de resgate e identifica\u00e7\u00e3o das v\u00edtimas.<\/p>\n<p style=\"text-align: justify;\">Segundo a Defesa Civil de S\u00e3o Paulo, algumas cidades do litoral norte do estado\u00a0registraram, nas \u00faltimas 24 horas, o volume de chuva esperado para todo o m\u00eas\u00a0de fevereiro. Em S\u00e3o Sebasti\u00e3o, o volume nas \u00faltimas 24 horas foi o dobro da m\u00e9dia esperada para o m\u00eas.<\/p>\n<p style=\"text-align: justify;\">Ag\u00eancia Brasil<\/p>\n","protected":false},"excerpt":{"rendered":"<p>Presidente visitou a regi\u00e3o, onde chuvas deixaram 36 mortos. Em visita ao munic\u00edpio paulista de S\u00e3o Sebasti\u00e3o, o presidente da Rep\u00fablica, Luiz In\u00e1cio Lula da Silva, garantiu a reconstru\u00e7\u00e3o de casas atingidas pelos temporais, desde que em \u00e1reas consideradas seguras e aptas para moradias.O presidente lembrou que h\u00e1 munic\u00edpios brasileiros que registraram trag\u00e9dias semelhantes h\u00e1 [&hellip;]<\/p>\n","protected":false},"author":3,"featured_media":27365,"comment_status":"open","ping_status":"open","sticky":false,"template":"","format":"standard","meta":{"footnotes":""},"categories":[15],"tags":[],"class_list":["post-27364","post","type-post","status-publish","format-standard","has-post-thumbnail","hentry","category-brasil"],"_links":{"self":[{"href":"https:\/\/jornalcandango.com.br\/index.php?rest_route=\/wp\/v2\/posts\/27364","targetHints":{"allow":["GET"]}}],"collection":[{"href":"https:\/\/jornalcandango.com.br\/index.php?rest_route=\/wp\/v2\/posts"}],"about":[{"href":"https:\/\/jornalcandango.com.br\/index.php?rest_route=\/wp\/v2\/types\/post"}],"author":[{"embeddable":true,"href":"https:\/\/jornalcandango.com.br\/index.php?rest_route=\/wp\/v2\/users\/3"}],"replies":[{"embeddable":true,"href":"https:\/\/jornalcandango.com.br\/index.php?rest_route=%2Fwp%2Fv2%2Fcomments&post=27364"}],"version-history":[{"count":0,"href":"https:\/\/jornalcandango.com.br\/index.php?rest_route=\/wp\/v2\/posts\/27364\/revisions"}],"wp:featuredmedia":[{"embeddable":true,"href":"https:\/\/jornalcandango.com.br\/index.php?rest_route=\/"}],"wp:attachment":[{"href":"https:\/\/jornalcandango.com.br\/index.php?rest_route=%2Fwp%2Fv2%2Fmedia&parent=27364"}],"wp:term":[{"taxonomy":"category","embeddable":true,"href":"https:\/\/jornalcandango.com.br\/index.php?rest_route=%2Fwp%2Fv2%2Fcategories&post=27364"},{"taxonomy":"post_tag","embeddable":true,"href":"https:\/\/jornalcandango.com.br\/index.php?rest_route=%2Fwp%2Fv2%2Ftags&post=27364"}],"curies":[{"name":"wp","href":"https:\/\/api.w.org\/{rel}","templated":true}]}}