{"id":27213,"date":"2023-01-27T17:54:28","date_gmt":"2023-01-27T20:54:28","guid":{"rendered":"https:\/\/p31noticias.com.br\/?p=27213"},"modified":"2023-01-27T17:54:28","modified_gmt":"2023-01-27T20:54:28","slug":"governo-entrega-campo-sintetico-e-piscinas-reformados-em-planaltina","status":"publish","type":"post","link":"https:\/\/jornalcandango.com.br\/?p=27213","title":{"rendered":"Governo entrega campo sint\u00e9tico e piscinas reformados em Planaltina."},"content":{"rendered":"<p style=\"text-align: justify;\"><em><strong>Foram investidos R$ 923,6 mil para a manuten\u00e7\u00e3o dos equipamentos p\u00fablicos, devolvidos \u00e0 popula\u00e7\u00e3o.<\/strong><\/em><\/p>\n<p style=\"text-align: justify;\">A Regi\u00e3o Administrativa de Planaltina est\u00e1 com equipamentos p\u00fablicos esportivos reformados. A governadora do DF em exerc\u00edcio, Celina Le\u00e3o, reinaugurou um campo sint\u00e9tico na Vila Buritis e as piscinas do Centro Ol\u00edmpico e Paral\u00edmpico (COP). Para a realiza\u00e7\u00e3o dos servi\u00e7os, foram investidos R$ 923,6 mil.<\/p>\n<p style=\"text-align: justify;\">\u201cEstamos felizes porque nesse dia \u00e9 onde come\u00e7amos e plantamos essa semente. Eu era secret\u00e1ria de Esporte e Lazer quando come\u00e7amos a reconstru\u00e7\u00e3o dos campos e das piscinas, todas est\u00e3o sendo reformadas e aquecidas. Agora, o Julio Cesar Ribeiro assume a secretaria com todas as vilas ol\u00edmpicas reformadas, mais de 50 campos sint\u00e9ticos entregues e, hoje, Planaltina \u00e9 a grande beneficiada\u201d, destacou a governadora em exerc\u00edcio.<\/p>\n<p style=\"text-align: justify;\">Localizado na Quadra 6, o campo se soma aos 50 gramados sint\u00e9ticos reformados e entregues pelo Governo do Distrito Federal (GDF) nos \u00faltimos quatro anos. Com investimento de R$ 734,7 mil, o espa\u00e7o contou com a substitui\u00e7\u00e3o completa do gramado.<\/p>\n<p style=\"text-align: justify;\"><iframe title=\"YouTube video player\" src=\"https:\/\/www.youtube.com\/embed\/KaZ64r3nRF4\" width=\"560\" height=\"315\" frameborder=\"0\" allowfullscreen=\"allowfullscreen\" data-mce-fragment=\"1\"><\/iframe><\/p>\n<p style=\"text-align: justify;\">\u201cFoi muito importante entregar para a comunidade esse lindo campo, que milhares de pessoas poder\u00e3o usar. \u00c9 papel do governo dar condi\u00e7\u00f5es para que popula\u00e7\u00e3o possa praticar uma atividade f\u00edsica\u201d, acrescentou o secret\u00e1rio de Esporte e Lazer, Julio Cesar Ribeiro.<\/p>\n<p style=\"text-align: justify;\">Professor e treinador do projeto de futebol Semente do Amanh\u00e3, Jailton Lisboa Cardoso lembrou que o espa\u00e7o estava em condi\u00e7\u00f5es ruins para a pr\u00e1tica do esporte. \u201cEstava s\u00f3 a brita. Menino ca\u00eda e se machucava. J\u00e1 t\u00ednhamos feito v\u00e1rios apelos. At\u00e9 que fomos atendidos\u201d, comentou. \u201cAgora ficou perfeito. Os meninos jogam e se divertem. Planaltina \u00e9 um celeiro de jogadores, se tiver um campo bom, \u00e9 \u00f3timo\u201d, definiu. A entidade atende 300 alunos.<\/p>\n<figure id=\"attachment_465557\" class=\"wp-caption alignleft\" style=\"text-align: justify;\" aria-describedby=\"caption-attachment-465557\"><img fetchpriority=\"high\" decoding=\"async\" class=\"wp-image-465557 \" src=\"http:\/\/agenciabrasilia.df.gov.br\/wp-conteudo\/uploads\/2023\/01\/dentro-3-2-1024x683.jpg\" sizes=\"(max-width: 500px) 100vw, 500px\" srcset=\"https:\/\/agenciabrasilia.df.gov.br\/wp-conteudo\/uploads\/2023\/01\/dentro-3-2-1024x683.jpg 1024w, https:\/\/agenciabrasilia.df.gov.br\/wp-conteudo\/uploads\/2023\/01\/dentro-3-2-300x200.jpg 300w, https:\/\/agenciabrasilia.df.gov.br\/wp-conteudo\/uploads\/2023\/01\/dentro-3-2-768x512.jpg 768w, https:\/\/agenciabrasilia.df.gov.br\/wp-conteudo\/uploads\/2023\/01\/dentro-3-2-1536x1024.jpg 1536w, https:\/\/agenciabrasilia.df.gov.br\/wp-conteudo\/uploads\/2023\/01\/dentro-3-2-2048x1365.jpg 2048w\" alt=\"\" width=\"500\" height=\"333\" \/><figcaption id=\"caption-attachment-465557\" class=\"wp-caption-text\">O campo de futebol com grama sint\u00e9tica em Planaltina beneficia 600 crian\u00e7as atendidas por tr\u00eas associa\u00e7\u00f5es esportivas da cidade<\/figcaption><\/figure>\n<p style=\"text-align: justify;\">De acordo com o deputado distrital Pepa, mais de 600 crian\u00e7as s\u00e3o atendidas no campo sint\u00e9tico por tr\u00eas associa\u00e7\u00f5es esportivas. \u201c\u00c9 uma alegria enorme estar aqui entregando esse campo nessa cidade que recebe e respira o esporte\u201d, disse.<\/p>\n<p style=\"text-align: justify;\"><strong>Piscinas reformadas e aquecidas<\/strong><\/p>\n<p style=\"text-align: justify;\">Antes da entrega do campo sint\u00e9tico, a governadora em exerc\u00edcio foi at\u00e9 o Centro Ol\u00edmpico e Paral\u00edmpico para conferir as duas piscinas que foram reformadas e j\u00e1 est\u00e3o sendo usadas pelos dois mil alunos das atividades aqu\u00e1ticas. As piscinas foram impermeabilizadas com fibra de vidro e as fissuras, recuperadas. Foram investidos R$ 188,9 mil.<\/p>\n<p style=\"text-align: justify;\">\u201cFizemos a fibragem reparando os vazamentos de uso. Tamb\u00e9m foi feita toda a parte que acompanha a piscina, como os banheiros e o registro. Foi toda uma reforma dentro das modalidades aqu\u00e1ticas\u201d, explicou o diretor do COP, Sandro Melo. \u201cA import\u00e2ncia \u00e9 que a gente consegue dar para a comunidade uma piscina de qualidade\u201d, ressaltou.<\/p>\n<p style=\"text-align: justify;\">O trabalho faz parte de um pacote de reforma de piscinas em oito dos 12 centros ol\u00edmpicos do Distrito Federal. As reformas j\u00e1 foram finalizadas no Setor O (Ceil\u00e2ndia), Parque Vaquejada (Ceil\u00e2ndia) e Brazl\u00e2ndia.<\/p>\n<p style=\"text-align: justify;\">\u00c0 frente da coordena\u00e7\u00e3o pedag\u00f3gica do COP de Planaltina, Bruno Eduardo Santos destacou que a reforma \u00e9 de suma import\u00e2ncia. \u201cHoje estamos fazendo a reinaugura\u00e7\u00e3o das piscinas. As obras foram feitas no in\u00edcio das f\u00e9rias e v\u00e3o beneficiar dois mil alunos que utilizam o meio aqu\u00e1tico com nata\u00e7\u00e3o e hidrogin\u00e1stica\u201d, detalhou.<\/p>\n<p style=\"text-align: justify;\">O analista de gest\u00e3o Emanuel Moura de Carvalho, 40 anos, e a filha Maria Alice Moura Machado, 6 anos, s\u00e3o alunos de nata\u00e7\u00e3o do COP h\u00e1 um ano. \u201cA vaga no COP foi uma ben\u00e7\u00e3o que aconteceu nas nossas vidas e essa reforma foi maravilhosa. Ela, quando chegou hoje, a primeira coisa que viu foi a nova placa da nata\u00e7\u00e3o infantil\u201d, revelou.<\/p>\n<p style=\"text-align: justify;\">O administrador de Planaltina, Wesley Fonseca, definiu como um dia hist\u00f3rico para Planaltina. \u201cS\u00e3o obras que resgatam e valorizam a qualidade de vida e a seguran\u00e7a das pessoas. Essas obras s\u00e3o extremamente importantes na nossa cidade. Estamos imensamente agradecidos ao GDF pelo cuidado e carinho com a nossa amada cidade\u201d, concluiu.<\/p>\n<p style=\"text-align: justify;\">A import\u00e2ncia das entregas tamb\u00e9m foi refor\u00e7ada pelo secret\u00e1rio de Governo, Jos\u00e9 Humberto Pires de Ara\u00fajo. \u201cAs piscinas estavam com problemas de infiltra\u00e7\u00e3o e foram todas reformadas. O campo sint\u00e9tico era uma reivindica\u00e7\u00e3o antiga da Vila Buritis. Todo mundo ama futebol em Planaltina e pratica. Ent\u00e3o, estruturar essa \u00e1rea do esporte \u00e9 fundamental\u201d, afirmou.<\/p>\n<p><em><strong>Com informa\u00e7\u00f5es da Secretaria de Esporte e Lazer.<\/strong><\/em><\/p>\n<p style=\"text-align: justify;\">\n","protected":false},"excerpt":{"rendered":"<p>Foram investidos R$ 923,6 mil para a manuten\u00e7\u00e3o dos equipamentos p\u00fablicos, devolvidos \u00e0 popula\u00e7\u00e3o. A Regi\u00e3o Administrativa de Planaltina est\u00e1 com equipamentos p\u00fablicos esportivos reformados. A governadora do DF em exerc\u00edcio, Celina Le\u00e3o, reinaugurou um campo sint\u00e9tico na Vila Buritis e as piscinas do Centro Ol\u00edmpico e Paral\u00edmpico (COP). Para a realiza\u00e7\u00e3o dos servi\u00e7os, foram [&hellip;]<\/p>\n","protected":false},"author":3,"featured_media":27214,"comment_status":"open","ping_status":"open","sticky":false,"template":"","format":"standard","meta":{"footnotes":""},"categories":[15,17],"tags":[],"class_list":["post-27213","post","type-post","status-publish","format-standard","has-post-thumbnail","hentry","category-brasil","category-brasilia"],"_links":{"self":[{"href":"https:\/\/jornalcandango.com.br\/index.php?rest_route=\/wp\/v2\/posts\/27213","targetHints":{"allow":["GET"]}}],"collection":[{"href":"https:\/\/jornalcandango.com.br\/index.php?rest_route=\/wp\/v2\/posts"}],"about":[{"href":"https:\/\/jornalcandango.com.br\/index.php?rest_route=\/wp\/v2\/types\/post"}],"author":[{"embeddable":true,"href":"https:\/\/jornalcandango.com.br\/index.php?rest_route=\/wp\/v2\/users\/3"}],"replies":[{"embeddable":true,"href":"https:\/\/jornalcandango.com.br\/index.php?rest_route=%2Fwp%2Fv2%2Fcomments&post=27213"}],"version-history":[{"count":0,"href":"https:\/\/jornalcandango.com.br\/index.php?rest_route=\/wp\/v2\/posts\/27213\/revisions"}],"wp:featuredmedia":[{"embeddable":true,"href":"https:\/\/jornalcandango.com.br\/index.php?rest_route=\/"}],"wp:attachment":[{"href":"https:\/\/jornalcandango.com.br\/index.php?rest_route=%2Fwp%2Fv2%2Fmedia&parent=27213"}],"wp:term":[{"taxonomy":"category","embeddable":true,"href":"https:\/\/jornalcandango.com.br\/index.php?rest_route=%2Fwp%2Fv2%2Fcategories&post=27213"},{"taxonomy":"post_tag","embeddable":true,"href":"https:\/\/jornalcandango.com.br\/index.php?rest_route=%2Fwp%2Fv2%2Ftags&post=27213"}],"curies":[{"name":"wp","href":"https:\/\/api.w.org\/{rel}","templated":true}]}}