{"id":27174,"date":"2023-01-24T14:27:00","date_gmt":"2023-01-24T17:27:00","guid":{"rendered":"https:\/\/p31noticias.com.br\/?p=27174"},"modified":"2023-01-24T14:27:00","modified_gmt":"2023-01-24T17:27:00","slug":"presidente-afirma-que-brasil-vai-voltar-a-ser-protagonista-internacional-em-abertura-do-encontro-empresarial","status":"publish","type":"post","link":"https:\/\/jornalcandango.com.br\/?p=27174","title":{"rendered":"Presidente afirma que \u201cBrasil vai voltar a ser protagonista internacional\u201d em abertura do  Encontro Empresarial."},"content":{"rendered":"<p style=\"text-align: justify;\"><em><strong>Retomada das rela\u00e7\u00f5es bilaterais \u00e9 impulsionada com assinatura de acordos econ\u00f4micos pelos\u00a0l\u00edderes dos dois pa\u00edses, em Buenos Aires.<\/strong><\/em><\/p>\n<p style=\"text-align: justify;\">A abertura do Encontro Empresarial Brasil-Argentina,\u00a0na tarde desta segunda-feira (23\/01),<br \/>\nmarcou uma nova etapa de tratativas para o fortalecimento da rela\u00e7\u00e3o econ\u00f4mica bilateral<br \/>\nentre as na\u00e7\u00f5es vizinhas. Os presidentes do Brasil, Luiz In\u00e1cio Lula da Silva, e da Argentina,Alberto Fern\u00e1ndez, participaram da cerim\u00f4nia, na sede do governo argentino, em Buenos Aires. Lula destacou que, neste governo, esfor\u00e7os n\u00e3o ser\u00e3o poupados para a retomad a das boas rela\u00e7\u00f5es diplom\u00e1ticas e econ\u00f4micas com os irm\u00e3os argentinos.<br \/>\n&amp;quot;A rela\u00e7\u00e3o Brasil-Argentina est\u00e1 voltando \u00e0 normalidade, porque no meu pa\u00eds h\u00e1 muita coisa que precisa voltar \u00e0 normalidade. O Brasil estava vivendo um momento de isolamento do qual n\u00e3o temos conhecimento na hist\u00f3ria. O Brasil n\u00e3o conversava com ningu\u00e9m e ningu\u00e9m queria conversar com o Brasil&amp;quot;, disse o presidente. Ainda sobre a reconstru\u00e7\u00e3o de elos, abalados pela gest\u00e3o passada, Lula aponta uma expectativa de amplia\u00e7\u00e3o nas rela\u00e7\u00f5es exteriores. &amp;quot;O Brasil vai voltar a ser protagonista internacional. Vai voltar a negociar com a Am\u00e9rica do Sul, Am\u00e9rica Latina, com a \u00c1frica, com a Europa, com os pa\u00edses asi\u00e1ticos. Porque este \u00e9 o papel de um pa\u00eds que tem 215 milh\u00f5es de habitantes, \u00e9 o papel de um pa\u00eds que chegou, em 2006, a ser a sexta economia do mundo e hoje, \u00e9 a d\u00e9cima-terceira&amp;quot;, sintetizou.<br \/>\nO presidente da Argentina, Alberto Fern\u00e1ndez, aposta em um novo ciclo de oportunidades<br \/>\npara ambas na\u00e7\u00f5es. &amp;quot;Eis aqui o in\u00edcio de um trabalho frut\u00edfero, mas que \u00e9 duro e ter\u00e1 suas consequ\u00eancias. Mas precisamos fazer com que empres\u00e1rios brasileiros e argentinos unam suas\u00a0for\u00e7as e esfor\u00e7os para que isso se transforme na sinergia necess\u00e1ria para fazer com que nossas na\u00e7\u00f5es avancem e cres\u00e7am. Sinto que vivemos aqui um momento hist\u00f3rico&amp;quot;. Fern\u00e1ndez acredita que, para sanar demandas dos pa\u00edses, \u00e9 essencial que seus dirigentes sejam equ\u00e2nimes nas inten\u00e7\u00f5es e responsabilidades. &amp;quot;Hoje, governa o Brasil algu\u00e9m que cr\u00ea na integra\u00e7\u00e3o nacional, no Mercosul, e que acredita que Brasil e Argentina t\u00eam muito a oferecer, que acredita na democracia e na justi\u00e7a social, que \u00e9 exatamente no que eu acredito&amp;quot;, disse o l\u00edder argentino.<br \/>\nO v\u00ednculo Brasil-Argentina \u00e9 antigo e j\u00e1 se mostrou efetivo para os pa\u00edses. O presidente Lula lembrou que quando assumiu a Presid\u00eancia da Rep\u00fablica, em 2003, o com\u00e9rcio bilateral entre Brasil e Argentina &#8211; o fluxo entre exporta\u00e7\u00e3o e importa\u00e7\u00e3o &#8211; era de US$ 7 bilh\u00f5es. &amp;quot;Quando eu deixei a Presid\u00eancia da Rep\u00fablica era de US$ 39 bilh\u00f5es. Quando a Dilma assumiu, em 2012, n\u00f3s chegamos a mais de US$ 40 bilh\u00f5es. Hoje, n\u00f3s estamos na metade do que a gente exportava quase 20 anos atr\u00e1s&amp;quot;, revelou.<br \/>\nPara Lula, \u00e9 dada uma oportunidade para que o pa\u00eds volte a explorar seu potencial econ\u00f4mico em alian\u00e7as fortes e duradouras. &amp;quot;O Brasil, como maior economia da Am\u00e9rica do Sul, tem a obriga\u00e7\u00e3o de ser o indutor do impulsionamento das rela\u00e7\u00f5es comerciais, pol\u00edticas, econ\u00f4micas e at\u00e9 das rela\u00e7\u00f5es sociais. A Argentina \u00e9 o terceiro parceiro comercial do Brasil, s\u00f3 perde para a China e para os Estados Unidos. Isso tem que ser valorizado. E isso deve ser valorizado n\u00e3o s\u00f3 pelos presidentes, mas por parte dos empres\u00e1rios. S\u00e3o voc\u00eas que sabem fazer neg\u00f3cio&amp;quot;. A reconstru\u00e7\u00e3o dos la\u00e7os multilaterais, conforme o presidente brasileiro, \u00e9 urgente e, para a materializa\u00e7\u00e3o destes objetivos, o Brasil vai explorar o potencial industrial e comercial\u00a0 \u00a0com incentivo p\u00fablico, por meio do Banco Nacional de Desenvolvimento Econ\u00f4mico e Social. &amp;quot; O BNDES vai voltar a financiar as rela\u00e7\u00f5es comerciais do Brasil, vai voltar a financiar projetos de engenharia para ajudar empresas brasileiras no exterior e para ajudar que os pa\u00edses vizinhos possam crescer e at\u00e9 vender o resultado desse enriquecimento para o Brasil. O Brasil n\u00e3o pode ficar distante e n\u00e3o pode se apequenar&amp;quot;, afirmou Lula.<br \/>\nAl\u00e9m dos presidentes Lula e Fern\u00e1ndez, participaram da cerim\u00f4nia que marca a inaugura\u00e7\u00e3o do Encontro Empresarial Brasil-Argentina, os ministros da Fazenda (Brasil) e Economia (Argentina), Fernando Haddad e S\u00e9rgio Massa, o ministro de Rela\u00e7\u00f5es Exteriores de Argentina, Santiago Cafiero, o presidente da Uni\u00e3o Industrial Argentina, Daniel Funes de Rioja, o\u00a0 presidente da Confedera\u00e7\u00e3o Nacional da Industrial do Brasil (CNI), Robson Braga, e o presidente a Ag\u00eancia Brasileira da Exporta\u00e7\u00e3o (APEX), Jorge Viana.<\/p>\n<p>SECOM PR<\/p>\n","protected":false},"excerpt":{"rendered":"<p>Retomada das rela\u00e7\u00f5es bilaterais \u00e9 impulsionada com assinatura de acordos econ\u00f4micos pelos\u00a0l\u00edderes dos dois pa\u00edses, em Buenos Aires. A abertura do Encontro Empresarial Brasil-Argentina,\u00a0na tarde desta segunda-feira (23\/01), marcou uma nova etapa de tratativas para o fortalecimento da rela\u00e7\u00e3o econ\u00f4mica bilateral entre as na\u00e7\u00f5es vizinhas. Os presidentes do Brasil, Luiz In\u00e1cio Lula da Silva, e [&hellip;]<\/p>\n","protected":false},"author":3,"featured_media":27175,"comment_status":"open","ping_status":"open","sticky":false,"template":"","format":"standard","meta":{"footnotes":""},"categories":[15],"tags":[],"class_list":["post-27174","post","type-post","status-publish","format-standard","has-post-thumbnail","hentry","category-brasil"],"_links":{"self":[{"href":"https:\/\/jornalcandango.com.br\/index.php?rest_route=\/wp\/v2\/posts\/27174","targetHints":{"allow":["GET"]}}],"collection":[{"href":"https:\/\/jornalcandango.com.br\/index.php?rest_route=\/wp\/v2\/posts"}],"about":[{"href":"https:\/\/jornalcandango.com.br\/index.php?rest_route=\/wp\/v2\/types\/post"}],"author":[{"embeddable":true,"href":"https:\/\/jornalcandango.com.br\/index.php?rest_route=\/wp\/v2\/users\/3"}],"replies":[{"embeddable":true,"href":"https:\/\/jornalcandango.com.br\/index.php?rest_route=%2Fwp%2Fv2%2Fcomments&post=27174"}],"version-history":[{"count":0,"href":"https:\/\/jornalcandango.com.br\/index.php?rest_route=\/wp\/v2\/posts\/27174\/revisions"}],"wp:featuredmedia":[{"embeddable":true,"href":"https:\/\/jornalcandango.com.br\/index.php?rest_route=\/"}],"wp:attachment":[{"href":"https:\/\/jornalcandango.com.br\/index.php?rest_route=%2Fwp%2Fv2%2Fmedia&parent=27174"}],"wp:term":[{"taxonomy":"category","embeddable":true,"href":"https:\/\/jornalcandango.com.br\/index.php?rest_route=%2Fwp%2Fv2%2Fcategories&post=27174"},{"taxonomy":"post_tag","embeddable":true,"href":"https:\/\/jornalcandango.com.br\/index.php?rest_route=%2Fwp%2Fv2%2Ftags&post=27174"}],"curies":[{"name":"wp","href":"https:\/\/api.w.org\/{rel}","templated":true}]}}