{"id":27164,"date":"2023-01-22T00:26:07","date_gmt":"2023-01-22T03:26:07","guid":{"rendered":"https:\/\/p31noticias.com.br\/?p=27164"},"modified":"2023-01-22T00:26:07","modified_gmt":"2023-01-22T03:26:07","slug":"candidato-a-classico","status":"publish","type":"post","link":"https:\/\/jornalcandango.com.br\/?p=27164","title":{"rendered":"Candidato a cl\u00e1ssico."},"content":{"rendered":"<p style=\"text-align: justify;\"><em><strong>Capital e Ceil\u00e2ndia chegam a reta final de prepara\u00e7\u00e3o para o Candang\u00e3o 2023 com duelo que tem tudo para ser um dos cl\u00e1ssicos da temporada.<\/strong><\/em><\/p>\n<div dir=\"auto\" style=\"text-align: justify;\">Em seu \u00faltimo amistoso de pr\u00e9-temporada, o Ceil\u00e2ndia ter\u00e1 mais um desafio, visando a estreia no Candang\u00e3o 2023. A partir das 10h deste domingo (22), o Gato Preto enfrenta o Capital, no est\u00e1dio JK, na cidade do Parano\u00e1. O duelo, com entrada gratuita para a torcida, \u00e9 visto por muitos como um dos cl\u00e1ssicos da temporada, uma vez que as equipes chegam com elencos promissores e intensa prepara\u00e7\u00e3o.<\/div>\n<div dir=\"auto\">\n<figure style=\"width: 322px\" class=\"wp-caption alignleft\"><img fetchpriority=\"high\" decoding=\"async\" class=\"\" src=\"https:\/\/mail.google.com\/mail\/u\/0?ui=2&amp;ik=e51c0b2605&amp;attid=0.1.1&amp;permmsgid=msg-f:1755690818061538628&amp;th=185d777f39f91544&amp;view=fimg&amp;fur=ip&amp;sz=s0-l75-ft&amp;attbid=ANGjdJ_07T93q-sMa_hRck2WCzaTH_xzre87dWgdstuwqceTsss6aezAJdRQeW-iWG1R5ClGVrChs6JpqL3u77OlgswAbB6id8QPwGIs-PkEBFzzy-OYprPSrAT8-DA&amp;disp=emb\" alt=\"\" width=\"322\" height=\"193\" \/><figcaption class=\"wp-caption-text\">Fotos: Gustavo Roquete\/Capital<\/figcaption><\/figure>\n<\/div>\n<div dir=\"auto\" style=\"text-align: justify;\">Pelo lado dos donos da casa, o t\u00e9cnico Rog\u00e9rio Mancini deve manter a equipe dos \u00faltimos tr\u00eas amistosos. O tricolor vem de vit\u00f3rias sobre Goi\u00e2nia (GO) e Parano\u00e1, respectivamente por 2 x 1 e 1 x 0. Al\u00e9m de um rev\u00e9s frente a Patrocinense (MG), por 4 x 1. \u201cComo eu disse tamb\u00e9m nas vit\u00f3rias: o resultado \u00e9 o que menos importa. O fato \u00e9 que fizemos um dos nossos melhores primeiros tempos e mostramos evolu\u00e7\u00e3o\u201d, destaca o treinador.<\/div>\n<div dir=\"auto\" style=\"text-align: justify;\">Com destaque para o meia Igor Villela e o experiente zagueiro Kadu, Mancini ainda tem uma d\u00favida quanto \u00e0 presen\u00e7a do goleiro Felipe, uma das principais contrata\u00e7\u00e3o da equipe para a temporada. O arqueiro ex-Flamengo e Corinthians e bicampe\u00e3o da Copa do Brasil est\u00e1 em fase final de tratamento de les\u00e3o, mas treinou com bola durante toda a semana.<\/div>\n<div dir=\"auto\" style=\"text-align: justify;\">Do lado do Ceil\u00e2ndia, esta \u00e9 a sexta partida preparat\u00f3ria da equipe alvinegra, que at\u00e9 ent\u00e3o, conquistou tr\u00eas vit\u00f3rias: 2 x 0 contra o Gr\u00eamio An\u00e1polis; 3 x 0 sobre o Taguatinga; 6 x 1 em cima do Legi\u00e3o. Al\u00e9m disso, um empate em 0 x 0 com o sub-20 do pr\u00f3prio Gato e uma derrota por 1 x 0 para o Goian\u00e9sia.<\/div>\n<div dir=\"auto\">\n<figure style=\"width: 417px\" class=\"wp-caption alignleft\"><img decoding=\"async\" src=\"https:\/\/mail.google.com\/mail\/u\/0?ui=2&amp;ik=e51c0b2605&amp;attid=0.1.1&amp;permmsgid=msg-f:1755690848858534209&amp;th=185d7786659df141&amp;view=fimg&amp;fur=ip&amp;sz=s0-l75-ft&amp;attbid=ANGjdJ9XUceN3eZmQNgrU0Elqk5FPGLzSj7t1_rQvHG-AqJ4LxXEmbKCEEovgM0-9cvGgtgJkMBGcM69plBwYMp8sIJVQojeDa922ErFJK1omgKzXSHKG1-5JAe9MGw&amp;disp=emb\" alt=\"\" width=\"417\" height=\"247\" \/><figcaption class=\"wp-caption-text\">Fotos: Gustavo Roquete\/Capital<\/figcaption><\/figure>\n<\/div>\n<div dir=\"auto\" style=\"text-align: justify;\">Com o foco de ser uma das favoritas para a competi\u00e7\u00e3o e com mais de 25 jogadores no plantel, a equipe treinada por Adelson de Almeida, al\u00e9m de atletas remanescentes, tem \u00e0 disposi\u00e7\u00e3o alguns refor\u00e7os anunciados nessa semana: os laterais-direitos Wisley e J\u00falio Oliveira, os atacantes Paulo Ren\u00ea e Gabriel Guimar\u00e3es e o meia-atacante Jo\u00e3o de Deus. Todos os citados estiveram na goleada de 6 x 1 frente o Legi\u00e3o, no jogo-treino da quarta-feira (21).<\/div>\n<div dir=\"auto\" style=\"text-align: justify;\">No Candang\u00e3o, o Capital inicia a caminha rumo ao primeiro sonhado t\u00edtulo contra o Samambaia, no pr\u00f3ximo domingo (29), no Est\u00e1dio JK. J\u00e1 o biscampe\u00e3o candango d\u00e1 o pontap\u00e9 rumo ao tri frente o Brasiliense, no mesmo dia, \u00e0s 15h45, no Est\u00e1dio Abadi\u00e3o.<\/div>\n<div dir=\"auto\" style=\"text-align: justify;\">Esse duelo, inclusive, marca a reedi\u00e7\u00e3o da decis\u00e3o do ano passado. Na oportunidade, o Jacar\u00e9 levou a melhor sobre o Ceil\u00e2ndia e conquistou o t\u00edtulo de campe\u00e3o, o 11\u00ba de sua hist\u00f3ria.<\/div>\n<div dir=\"auto\" style=\"text-align: justify;\"><\/div>\n<div dir=\"auto\" style=\"text-align: justify;\">Da Reda\u00e7\u00e3o.<\/div>\n","protected":false},"excerpt":{"rendered":"<p>Capital e Ceil\u00e2ndia chegam a reta final de prepara\u00e7\u00e3o para o Candang\u00e3o 2023 com duelo que tem tudo para ser um dos cl\u00e1ssicos da temporada. Em seu \u00faltimo amistoso de pr\u00e9-temporada, o Ceil\u00e2ndia ter\u00e1 mais um desafio, visando a estreia no Candang\u00e3o 2023. A partir das 10h deste domingo (22), o Gato Preto enfrenta o [&hellip;]<\/p>\n","protected":false},"author":3,"featured_media":27165,"comment_status":"open","ping_status":"open","sticky":false,"template":"","format":"standard","meta":{"footnotes":""},"categories":[15],"tags":[],"class_list":["post-27164","post","type-post","status-publish","format-standard","has-post-thumbnail","hentry","category-brasil"],"_links":{"self":[{"href":"https:\/\/jornalcandango.com.br\/index.php?rest_route=\/wp\/v2\/posts\/27164","targetHints":{"allow":["GET"]}}],"collection":[{"href":"https:\/\/jornalcandango.com.br\/index.php?rest_route=\/wp\/v2\/posts"}],"about":[{"href":"https:\/\/jornalcandango.com.br\/index.php?rest_route=\/wp\/v2\/types\/post"}],"author":[{"embeddable":true,"href":"https:\/\/jornalcandango.com.br\/index.php?rest_route=\/wp\/v2\/users\/3"}],"replies":[{"embeddable":true,"href":"https:\/\/jornalcandango.com.br\/index.php?rest_route=%2Fwp%2Fv2%2Fcomments&post=27164"}],"version-history":[{"count":0,"href":"https:\/\/jornalcandango.com.br\/index.php?rest_route=\/wp\/v2\/posts\/27164\/revisions"}],"wp:featuredmedia":[{"embeddable":true,"href":"https:\/\/jornalcandango.com.br\/index.php?rest_route=\/"}],"wp:attachment":[{"href":"https:\/\/jornalcandango.com.br\/index.php?rest_route=%2Fwp%2Fv2%2Fmedia&parent=27164"}],"wp:term":[{"taxonomy":"category","embeddable":true,"href":"https:\/\/jornalcandango.com.br\/index.php?rest_route=%2Fwp%2Fv2%2Fcategories&post=27164"},{"taxonomy":"post_tag","embeddable":true,"href":"https:\/\/jornalcandango.com.br\/index.php?rest_route=%2Fwp%2Fv2%2Ftags&post=27164"}],"curies":[{"name":"wp","href":"https:\/\/api.w.org\/{rel}","templated":true}]}}