{"id":27160,"date":"2023-01-21T23:26:54","date_gmt":"2023-01-22T02:26:54","guid":{"rendered":"https:\/\/p31noticias.com.br\/?p=27160"},"modified":"2023-01-21T23:26:54","modified_gmt":"2023-01-22T02:26:54","slug":"ministerio-da-saude-declara-emergencia-em-saude-publica-em-territorio-yanomami","status":"publish","type":"post","link":"https:\/\/jornalcandango.com.br\/?p=27160","title":{"rendered":"Minist\u00e9rio da Sa\u00fade declara emerg\u00eancia em sa\u00fade p\u00fablica em territ\u00f3rio Yanomami."},"content":{"rendered":"<p style=\"text-align: justify;\"><em><strong>Centro de Opera\u00e7\u00f5es de Emerg\u00eancias em Sa\u00fade P\u00fablica tamb\u00e9m foi institu\u00eddo.<\/strong><\/em><\/p>\n<p style=\"text-align: justify;\">O Minist\u00e9rio da Sa\u00fade declarou Emerg\u00eancia em Sa\u00fade P\u00fablica de Import\u00e2ncia Nacional diante da necessidade de combate \u00e0 desassist\u00eancia sanit\u00e1ria dos povos que vivem no territ\u00f3rio Yanomami. A portaria, publicada em edi\u00e7\u00e3o extra do Di\u00e1rio Oficial da Uni\u00e3o, foi assinada pela Ministra da Sa\u00fade, N\u00edsia Trindade.<\/p>\n<p style=\"text-align: justify;\">Al\u00e9m da declara\u00e7\u00e3o de emerg\u00eancia, o Minist\u00e9rio instalou tamb\u00e9m o Centro de Opera\u00e7\u00f5es de Emerg\u00eancias em Sa\u00fade P\u00fablica (COE &#8211; Yanomami) como mecanismo nacional da gest\u00e3o coordenada da resposta \u00e0 emerg\u00eancia no \u00e2mbito nacional. A gest\u00e3o do COE estar\u00e1 sob responsabilidade da Secretaria de Sa\u00fade Ind\u00edgena (SESAI), considerando a tipologia da emerg\u00eancia.<\/p>\n<p style=\"text-align: justify;\">O Coe \u00e9 o respons\u00e1vel por coordenar as medidas a serem empregadas durante o estado de emerg\u00eancia, incluindo a mobiliza\u00e7\u00e3o de recursos para o restabelecimento dos servi\u00e7os de sa\u00fade e a articula\u00e7\u00e3o com os gestores estaduais e municipais do SUS.<\/p>\n<h3 style=\"text-align: justify;\">Estado<strong>\u00a0grave na maior reserva ind\u00edgena do pa\u00eds<\/strong><\/h3>\n<p style=\"text-align: justify;\">Desde a \u00faltima segunda-feira (16), equipes do Minist\u00e9rio da Sa\u00fade se encontram na regi\u00e3o Yanomami, territ\u00f3rio ind\u00edgena com mais de 30,4 mil habitantes. O grupo se deparou com crian\u00e7as e idosos em estado grave de sa\u00fade, com desnutri\u00e7\u00e3o grave, al\u00e9m de muitos casos de mal\u00e1ria, infec\u00e7\u00e3o respirat\u00f3ria aguda (IRA) e outros agravos.<\/p>\n<p style=\"text-align: justify;\">Ap\u00f3s o retorno da miss\u00e3o, que dever\u00e1 acontecer no pr\u00f3ximo dia 25, a equipe tem cerca de 15 dias para apresentar um levantamento completo sobre a cr\u00edtica situa\u00e7\u00e3o de sa\u00fade que os ind\u00edgenas se encontram. T\u00e9cnicos est\u00e3o analisando toda a situa\u00e7\u00e3o sa\u00fade na regi\u00e3o, dos atendimentos prestados e insumos dispon\u00edveis.<\/p>\n<h3 style=\"text-align: justify;\">Sala de Situa\u00e7\u00e3o<\/h3>\n<p style=\"text-align: justify;\">O Minist\u00e9rio da Sa\u00fade instalou nessa sexta-feira (20) uma Sala de Situa\u00e7\u00e3o para tratar da grave crise sanit\u00e1ria e humanit\u00e1ria dos povos ind\u00edgenas Yanomamis. A ministra da Sa\u00fade, Nisia Trindade, destacou o dram\u00e1tico quadro de desnutri\u00e7\u00e3o constatado pelos profissionais de sa\u00fade enviados aos territ\u00f3rios ind\u00edgenas, e anunciou o envio imediato de cestas b\u00e1sicas, insumos e medicamentos.<\/p>\n<p style=\"text-align: justify;\"><a title=\"\" href=\"https:\/\/www.in.gov.br\/web\/dou\/-\/portaria-gm\/ms-n-28-de-20-de-janeiro-de-2023-459177294\" target=\"_blank\" rel=\"noopener\" data-saferedirecturl=\"https:\/\/www.google.com\/url?q=https:\/\/www.in.gov.br\/web\/dou\/-\/portaria-gm\/ms-n-28-de-20-de-janeiro-de-2023-459177294&amp;source=gmail&amp;ust=1674440439022000&amp;usg=AOvVaw23jagNIJ1xWi6EDKCDIrs3\">Veja a portaria completa<\/a><\/p>\n<p style=\"text-align: justify;\"><strong>Minist\u00e9rio da Sa\u00fade<\/strong><\/p>\n","protected":false},"excerpt":{"rendered":"<p>Centro de Opera\u00e7\u00f5es de Emerg\u00eancias em Sa\u00fade P\u00fablica tamb\u00e9m foi institu\u00eddo. O Minist\u00e9rio da Sa\u00fade declarou Emerg\u00eancia em Sa\u00fade P\u00fablica de Import\u00e2ncia Nacional diante da necessidade de combate \u00e0 desassist\u00eancia sanit\u00e1ria dos povos que vivem no territ\u00f3rio Yanomami. A portaria, publicada em edi\u00e7\u00e3o extra do Di\u00e1rio Oficial da Uni\u00e3o, foi assinada pela Ministra da Sa\u00fade, [&hellip;]<\/p>\n","protected":false},"author":3,"featured_media":27161,"comment_status":"open","ping_status":"open","sticky":false,"template":"","format":"standard","meta":{"footnotes":""},"categories":[15],"tags":[],"class_list":["post-27160","post","type-post","status-publish","format-standard","has-post-thumbnail","hentry","category-brasil"],"_links":{"self":[{"href":"https:\/\/jornalcandango.com.br\/index.php?rest_route=\/wp\/v2\/posts\/27160","targetHints":{"allow":["GET"]}}],"collection":[{"href":"https:\/\/jornalcandango.com.br\/index.php?rest_route=\/wp\/v2\/posts"}],"about":[{"href":"https:\/\/jornalcandango.com.br\/index.php?rest_route=\/wp\/v2\/types\/post"}],"author":[{"embeddable":true,"href":"https:\/\/jornalcandango.com.br\/index.php?rest_route=\/wp\/v2\/users\/3"}],"replies":[{"embeddable":true,"href":"https:\/\/jornalcandango.com.br\/index.php?rest_route=%2Fwp%2Fv2%2Fcomments&post=27160"}],"version-history":[{"count":0,"href":"https:\/\/jornalcandango.com.br\/index.php?rest_route=\/wp\/v2\/posts\/27160\/revisions"}],"wp:featuredmedia":[{"embeddable":true,"href":"https:\/\/jornalcandango.com.br\/index.php?rest_route=\/"}],"wp:attachment":[{"href":"https:\/\/jornalcandango.com.br\/index.php?rest_route=%2Fwp%2Fv2%2Fmedia&parent=27160"}],"wp:term":[{"taxonomy":"category","embeddable":true,"href":"https:\/\/jornalcandango.com.br\/index.php?rest_route=%2Fwp%2Fv2%2Fcategories&post=27160"},{"taxonomy":"post_tag","embeddable":true,"href":"https:\/\/jornalcandango.com.br\/index.php?rest_route=%2Fwp%2Fv2%2Ftags&post=27160"}],"curies":[{"name":"wp","href":"https:\/\/api.w.org\/{rel}","templated":true}]}}