{"id":27154,"date":"2023-01-21T22:53:36","date_gmt":"2023-01-22T01:53:36","guid":{"rendered":"https:\/\/p31noticias.com.br\/?p=27154"},"modified":"2023-01-21T22:53:36","modified_gmt":"2023-01-22T01:53:36","slug":"governador-afastado-do-df-entregara-celular-a-pf-na-segunda-feira","status":"publish","type":"post","link":"https:\/\/jornalcandango.com.br\/?p=27154","title":{"rendered":"Governador afastado do DF entregar\u00e1 celular \u00e0 PF na segunda-feira."},"content":{"rendered":"<h3 class=\"col-10 offset-1 animated fadeInDown dealy-900 display-8 display-md-8 alt-font font-italic my-1 text-center\" style=\"text-align: justify;\"><em><strong>Objetivo \u00e9 colaborar com investiga\u00e7\u00f5es, diz advogado de Ibaneis.<\/strong><\/em><\/h3>\n<p style=\"text-align: justify;\">O governador afastado do Distrito Federal, Ibaneis Rocha, entregar\u00e1 seu telefone celular \u00e0 Pol\u00edcia Federal (PF) na\u00a0<span id=\"OBJ_PREFIX_DWT260_com_zimbra_date\" role=\"link\">segunda<\/span>-feira (23) de manh\u00e3, \u201cpara mostrar sua irrestrita colabora\u00e7\u00e3o com as investiga\u00e7\u00f5es\u201d e \u201cpara que se cumpra na \u00edntegra a decis\u00e3o do ministro [do Supremo Tribunal Federal \u2013 STF] Alexandre de Moraes\u201d. A informa\u00e7\u00e3o \u00e9 da defesa de Ibaneis.<img decoding=\"async\" src=\"https:\/\/agenciabrasil.ebc.com.br\/ebc.png?id=1505476&amp;o=node\" \/><span id=\"OBJ_PREFIX_DWT261_com_zimbra_date\" role=\"link\">Ontem<\/span>\u00a0(20), a PF cumpriu\u00a0<a href=\"https:\/\/agenciabrasil.ebc.com.br\/justica\/noticia\/2023-01\/governador-afastado-do-df-e-alvo-de-busca-e-apreensao-da-pf\" target=\"_blank\" rel=\"noopener\">mandado de busca e apreens\u00e3o<\/a>\u00a0na casa do governador afastado, no Pal\u00e1cio do Buriti, sede do governo local, e no antigo escrit\u00f3rio de advocacia de Ibaneis.<\/p>\n<p style=\"text-align: justify;\">\u201cO governador estava fora de Bras\u00edlia por ocasi\u00e3o da busca em sua resid\u00eancia, mas faz quest\u00e3o de que o seu telefone seja periciado, pois, como j\u00e1 dito, ele n\u00e3o tem nada a esconder e \u00e9 o maior interessado na plena apura\u00e7\u00e3o dos fatos\u201d, afirmou o advogado Cleber Lopes.<\/p>\n<p style=\"text-align: justify;\">Ibaneis \u00e9 investigado no inqu\u00e9rito aberto por Alexandre de Moraes, que tamb\u00e9m autorizou as buscas, para apurar a conduta das autoridades de seguran\u00e7a do Distrito Federal nos atos golpistas de\u00a0<span id=\"OBJ_PREFIX_DWT263_com_zimbra_date\" role=\"link\">8 de janeiro<\/span>, que resultaram na depreda\u00e7\u00e3o das sedes dos poderes Executivo, Legislativo e Judici\u00e1rio, em Bras\u00edlia. No dia\u00a0<span id=\"OBJ_PREFIX_DWT264_com_zimbra_date\" role=\"link\">9 de janeiro<\/span>, ele foi afastado do cargo pelo prazo de 90 dias.<\/p>\n<p style=\"text-align: justify;\">Ag\u00eancia Brasil.<\/p>\n","protected":false},"excerpt":{"rendered":"<p>Objetivo \u00e9 colaborar com investiga\u00e7\u00f5es, diz advogado de Ibaneis. O governador afastado do Distrito Federal, Ibaneis Rocha, entregar\u00e1 seu telefone celular \u00e0 Pol\u00edcia Federal (PF) na\u00a0segunda-feira (23) de manh\u00e3, \u201cpara mostrar sua irrestrita colabora\u00e7\u00e3o com as investiga\u00e7\u00f5es\u201d e \u201cpara que se cumpra na \u00edntegra a decis\u00e3o do ministro [do Supremo Tribunal Federal \u2013 STF] Alexandre [&hellip;]<\/p>\n","protected":false},"author":3,"featured_media":27155,"comment_status":"open","ping_status":"open","sticky":false,"template":"","format":"standard","meta":{"footnotes":""},"categories":[15],"tags":[],"class_list":["post-27154","post","type-post","status-publish","format-standard","has-post-thumbnail","hentry","category-brasil"],"_links":{"self":[{"href":"https:\/\/jornalcandango.com.br\/index.php?rest_route=\/wp\/v2\/posts\/27154","targetHints":{"allow":["GET"]}}],"collection":[{"href":"https:\/\/jornalcandango.com.br\/index.php?rest_route=\/wp\/v2\/posts"}],"about":[{"href":"https:\/\/jornalcandango.com.br\/index.php?rest_route=\/wp\/v2\/types\/post"}],"author":[{"embeddable":true,"href":"https:\/\/jornalcandango.com.br\/index.php?rest_route=\/wp\/v2\/users\/3"}],"replies":[{"embeddable":true,"href":"https:\/\/jornalcandango.com.br\/index.php?rest_route=%2Fwp%2Fv2%2Fcomments&post=27154"}],"version-history":[{"count":0,"href":"https:\/\/jornalcandango.com.br\/index.php?rest_route=\/wp\/v2\/posts\/27154\/revisions"}],"wp:featuredmedia":[{"embeddable":true,"href":"https:\/\/jornalcandango.com.br\/index.php?rest_route=\/"}],"wp:attachment":[{"href":"https:\/\/jornalcandango.com.br\/index.php?rest_route=%2Fwp%2Fv2%2Fmedia&parent=27154"}],"wp:term":[{"taxonomy":"category","embeddable":true,"href":"https:\/\/jornalcandango.com.br\/index.php?rest_route=%2Fwp%2Fv2%2Fcategories&post=27154"},{"taxonomy":"post_tag","embeddable":true,"href":"https:\/\/jornalcandango.com.br\/index.php?rest_route=%2Fwp%2Fv2%2Ftags&post=27154"}],"curies":[{"name":"wp","href":"https:\/\/api.w.org\/{rel}","templated":true}]}}