{"id":27151,"date":"2023-01-21T21:55:03","date_gmt":"2023-01-22T00:55:03","guid":{"rendered":"https:\/\/p31noticias.com.br\/?p=27151"},"modified":"2023-01-21T21:55:03","modified_gmt":"2023-01-22T00:55:03","slug":"na-argentina-ministro-paulo-pimenta-anuncia-parceria-com-o-pais-vizinho-na-area-de-comunicacao","status":"publish","type":"post","link":"https:\/\/jornalcandango.com.br\/?p=27151","title":{"rendered":"Na Argentina, ministro Paulo Pimenta anuncia parceria com o pa\u00eds vizinho na \u00e1rea de  comunica\u00e7\u00e3o."},"content":{"rendered":"<p style=\"text-align: justify;\"><em><strong>Ministro da Secretaria de Comunica\u00e7\u00e3o Social se encontrou nesta sexta-feira com a presidente <\/strong><\/em><em><strong>da R\u00e1dio Nacional e TV P\u00fablica argentina, Rosario Lufrano, e apresentou \u00e0 executiva a <\/strong><\/em><em><strong>estrutura de TVs e r\u00e1dios do governo brasileiro.<\/strong><\/em><\/p>\n<p style=\"text-align: justify;\">O ministro da Secretaria de Comunica\u00e7\u00e3o Social da Presid\u00eancia da Rep\u00fablica (SECOM), Paulo Pimenta, reuniu-se nesta sexta-feira (20.01), em Buenos Aires, na Argentina, com a presidente da R\u00e1dio e Televis\u00e3o Argentina, Rosario Lufrano, e com o embaixador da Argentina no Brasil, Daniel Scioli, para tratar de acordos entre os dois pa\u00edses na \u00e1rea de comunica\u00e7\u00e3o. A viagem \u00e9 uma pr\u00e9via da visita que o presidente Lula far\u00e1 \u00e0 Argentina na pr\u00f3xima semana, a primeira de uma s\u00e9rie de visitas a pa\u00edses da Am\u00e9rica do Sul.<br \/>\n\u201cN\u00f3s estamos muito entusiasmados com essa visita do presidente Lula \u00e0 Argentina e o que ela representa para essa parceria hist\u00f3rica entre os dois pa\u00edses. A gente tem muita disposi\u00e7\u00e3o para poder construir uma parceria\u201d, afirmou o ministro Paulo Pimenta.<br \/>\nPaulo Pimenta apresentou a Rosario Lufrano toda a estrutura de comunica\u00e7\u00e3o que o Governo Federal tem \u00e0 disposi\u00e7\u00e3o, em especial a da Empresa Brasil de Comunica\u00e7\u00e3o \u2013 EBC, um conglomerado de m\u00eddia que inclui uma TV p\u00fablica, uma TV governamental e sete r\u00e1dios.<br \/>\nO ministro explicou que governo brasileiro ainda conta com a TV Sa\u00fade, fruto de uma parceria com o Minist\u00e9rio da Sa\u00fade, primeiro canal do pa\u00eds transmitido desde 2010 exclusivamente em salas de espera de hospitais, cl\u00ednicas, laborat\u00f3rios e consult\u00f3rios; e a TV Educa\u00e7\u00e3o, um canal jornal\u00edstico destinado a assuntos relacionados \u00e0 educa\u00e7\u00e3o, cultura, tecnologia e lazer, criado em parceria com o Minist\u00e9rio da Educa\u00e7\u00e3o.<br \/>\n\u201cTivemos uma excelente agenda com a senhora Rosario Lufrano e o embaixador Daniel Scioli. Uma oportunidade de conhecer um pouco o trabalho que eles fazem e, ao mesmo tempo, de apresentar a EBC. Anunciamos que vamos formar um conv\u00eanio entre a EBC e faremos uma parceria para fortalecer a comunica\u00e7\u00e3o p\u00fablica dos dois pa\u00edses\u201d, afirmou o ministro.<\/p>\n<p style=\"text-align: justify;\">SECOM PR.<\/p>\n","protected":false},"excerpt":{"rendered":"<p>Ministro da Secretaria de Comunica\u00e7\u00e3o Social se encontrou nesta sexta-feira com a presidente da R\u00e1dio Nacional e TV P\u00fablica argentina, Rosario Lufrano, e apresentou \u00e0 executiva a estrutura de TVs e r\u00e1dios do governo brasileiro. O ministro da Secretaria de Comunica\u00e7\u00e3o Social da Presid\u00eancia da Rep\u00fablica (SECOM), Paulo Pimenta, reuniu-se nesta sexta-feira (20.01), em Buenos [&hellip;]<\/p>\n","protected":false},"author":3,"featured_media":27152,"comment_status":"open","ping_status":"open","sticky":false,"template":"","format":"standard","meta":{"footnotes":""},"categories":[15],"tags":[],"class_list":["post-27151","post","type-post","status-publish","format-standard","has-post-thumbnail","hentry","category-brasil"],"_links":{"self":[{"href":"https:\/\/jornalcandango.com.br\/index.php?rest_route=\/wp\/v2\/posts\/27151","targetHints":{"allow":["GET"]}}],"collection":[{"href":"https:\/\/jornalcandango.com.br\/index.php?rest_route=\/wp\/v2\/posts"}],"about":[{"href":"https:\/\/jornalcandango.com.br\/index.php?rest_route=\/wp\/v2\/types\/post"}],"author":[{"embeddable":true,"href":"https:\/\/jornalcandango.com.br\/index.php?rest_route=\/wp\/v2\/users\/3"}],"replies":[{"embeddable":true,"href":"https:\/\/jornalcandango.com.br\/index.php?rest_route=%2Fwp%2Fv2%2Fcomments&post=27151"}],"version-history":[{"count":0,"href":"https:\/\/jornalcandango.com.br\/index.php?rest_route=\/wp\/v2\/posts\/27151\/revisions"}],"wp:featuredmedia":[{"embeddable":true,"href":"https:\/\/jornalcandango.com.br\/index.php?rest_route=\/"}],"wp:attachment":[{"href":"https:\/\/jornalcandango.com.br\/index.php?rest_route=%2Fwp%2Fv2%2Fmedia&parent=27151"}],"wp:term":[{"taxonomy":"category","embeddable":true,"href":"https:\/\/jornalcandango.com.br\/index.php?rest_route=%2Fwp%2Fv2%2Fcategories&post=27151"},{"taxonomy":"post_tag","embeddable":true,"href":"https:\/\/jornalcandango.com.br\/index.php?rest_route=%2Fwp%2Fv2%2Ftags&post=27151"}],"curies":[{"name":"wp","href":"https:\/\/api.w.org\/{rel}","templated":true}]}}