{"id":27147,"date":"2023-01-21T11:02:39","date_gmt":"2023-01-21T14:02:39","guid":{"rendered":"https:\/\/p31noticias.com.br\/?p=27147"},"modified":"2023-01-21T11:02:39","modified_gmt":"2023-01-21T14:02:39","slug":"ministerio-da-saude-declara-emergencia-em-saude-em-territorio-yanomami","status":"publish","type":"post","link":"https:\/\/jornalcandango.com.br\/?p=27147","title":{"rendered":"Minist\u00e9rio da Sa\u00fade declara emerg\u00eancia em sa\u00fade em territ\u00f3rio yanomami."},"content":{"rendered":"<p style=\"text-align: justify;\"><em><strong>Objetivo \u00e9 combater crise sanit\u00e1ria que j\u00e1 matou mais de 500 crian\u00e7as.<\/strong><\/em><\/p>\n<p style=\"text-align: justify;\">O Minist\u00e9rio da Sa\u00fade declarou Emerg\u00eancia em Sa\u00fade P\u00fablica de Import\u00e2ncia Nacional para combate \u00e0 desassist\u00eancia sanit\u00e1ria dos povos que vivem no territ\u00f3rio ind\u00edgena Yanomami, em Roraims. A portaria foi publicada na noite desta sexta-feira (20) em edi\u00e7\u00e3o extra do Di\u00e1rio Oficial da Uni\u00e3o.<\/p>\n<p style=\"text-align: justify;\">A pasta tamb\u00e9m instalou o Centro de Opera\u00e7\u00f5es de Emerg\u00eancias em Sa\u00fade P\u00fablica (COE \u2013 Yanomami), que estar\u00e1 sob responsabilidade da Secretaria de Sa\u00fade Ind\u00edgena (SESAI), e anunciou o envio imediato de cestas b\u00e1sicas, insumos e medicamentos.<\/p>\n<p style=\"text-align: justify;\">Entre outros, o comit\u00ea ser\u00e1 o respons\u00e1vel por coordenar as medidas a serem empregadas durante o estado de emerg\u00eancia, incluindo a mobiliza\u00e7\u00e3o de recursos para o restabelecimento dos servi\u00e7os de sa\u00fade e a articula\u00e7\u00e3o com os gestores estaduais e municipais do Sistema \u00danico de Sa\u00fade.<\/p>\n<p style=\"text-align: justify;\">Desde a \u00faltima\u00a0segunda-feira (16), equipes do Minist\u00e9rio da Sa\u00fade se encontram no territ\u00f3rio ind\u00edgena Yanomami. A regi\u00e3o tem mais de 30,4 mil habitantes. \u201cO grupo se deparou com crian\u00e7as e idosos em estado grave de sa\u00fade, com desnutri\u00e7\u00e3o grave, al\u00e9m de muitos casos de mal\u00e1ria, infec\u00e7\u00e3o respirat\u00f3ria aguda (IRA) e outros agravos\u201d, informou a pasta.<\/p>\n<p style=\"text-align: justify;\">As equipes devem apresentar um levantamento completo sobre a cr\u00edtica situa\u00e7\u00e3o de sa\u00fade dos ind\u00edgenas. A terra ind\u00edgena Yanomami \u00e9 a maior do pa\u00eds, em extens\u00e3o territorial, e sofre com a invas\u00e3o de garimpeiros. O povo da regi\u00e3o vive uma crise sanit\u00e1ria que j\u00e1 resultou na morte de 570 crian\u00e7as por desnutri\u00e7\u00e3o e causas evit\u00e1veis, nos \u00faltimos anos.<\/p>\n<p style=\"text-align: justify;\">Levantamento feito pelo Minist\u00e9rio da Sa\u00fade registrou tr\u00eas \u00f3bitos de crian\u00e7as ind\u00edgenas nas comunidades Keta, Kuniama e Lajahu entre 24 e\u00a027 de dezembro\u00a0de 2022. No ano de 2022, foram registrados 11.530 casos confirmados de mal\u00e1ria na terra Yanomami.<\/p>\n<p style=\"text-align: justify;\">Neste s\u00e1bado, o presidente Luiz In\u00e1cio Lula da Silva e ministros de Estado visitam Roraima, para ver de perto a situa\u00e7\u00e3o dos ind\u00edgenas. Tamb\u00e9m na noite de\u00a0ontem\u00a0(20), Lula institui o Comit\u00ea de Coordena\u00e7\u00e3o Nacional para Enfrentamento \u00e0 Desassist\u00eancia Sanit\u00e1ria das Popula\u00e7\u00f5es em Territ\u00f3rio Yanomami. O objetivo do grupo \u00e9 discutir as medidas a serem adotadas e auxiliar na articula\u00e7\u00e3o interpoderes e interfederativa.<\/p>\n<p style=\"text-align: justify;\">Ag\u00eancia Brasil.<\/p>\n","protected":false},"excerpt":{"rendered":"<p>Objetivo \u00e9 combater crise sanit\u00e1ria que j\u00e1 matou mais de 500 crian\u00e7as. O Minist\u00e9rio da Sa\u00fade declarou Emerg\u00eancia em Sa\u00fade P\u00fablica de Import\u00e2ncia Nacional para combate \u00e0 desassist\u00eancia sanit\u00e1ria dos povos que vivem no territ\u00f3rio ind\u00edgena Yanomami, em Roraims. A portaria foi publicada na noite desta sexta-feira (20) em edi\u00e7\u00e3o extra do Di\u00e1rio Oficial da [&hellip;]<\/p>\n","protected":false},"author":3,"featured_media":27148,"comment_status":"open","ping_status":"open","sticky":false,"template":"","format":"standard","meta":{"footnotes":""},"categories":[15],"tags":[],"class_list":["post-27147","post","type-post","status-publish","format-standard","has-post-thumbnail","hentry","category-brasil"],"_links":{"self":[{"href":"https:\/\/jornalcandango.com.br\/index.php?rest_route=\/wp\/v2\/posts\/27147","targetHints":{"allow":["GET"]}}],"collection":[{"href":"https:\/\/jornalcandango.com.br\/index.php?rest_route=\/wp\/v2\/posts"}],"about":[{"href":"https:\/\/jornalcandango.com.br\/index.php?rest_route=\/wp\/v2\/types\/post"}],"author":[{"embeddable":true,"href":"https:\/\/jornalcandango.com.br\/index.php?rest_route=\/wp\/v2\/users\/3"}],"replies":[{"embeddable":true,"href":"https:\/\/jornalcandango.com.br\/index.php?rest_route=%2Fwp%2Fv2%2Fcomments&post=27147"}],"version-history":[{"count":0,"href":"https:\/\/jornalcandango.com.br\/index.php?rest_route=\/wp\/v2\/posts\/27147\/revisions"}],"wp:featuredmedia":[{"embeddable":true,"href":"https:\/\/jornalcandango.com.br\/index.php?rest_route=\/"}],"wp:attachment":[{"href":"https:\/\/jornalcandango.com.br\/index.php?rest_route=%2Fwp%2Fv2%2Fmedia&parent=27147"}],"wp:term":[{"taxonomy":"category","embeddable":true,"href":"https:\/\/jornalcandango.com.br\/index.php?rest_route=%2Fwp%2Fv2%2Fcategories&post=27147"},{"taxonomy":"post_tag","embeddable":true,"href":"https:\/\/jornalcandango.com.br\/index.php?rest_route=%2Fwp%2Fv2%2Ftags&post=27147"}],"curies":[{"name":"wp","href":"https:\/\/api.w.org\/{rel}","templated":true}]}}