{"id":27142,"date":"2023-01-21T10:47:56","date_gmt":"2023-01-21T13:47:56","guid":{"rendered":"https:\/\/p31noticias.com.br\/?p=27142"},"modified":"2023-01-21T10:47:56","modified_gmt":"2023-01-21T13:47:56","slug":"secom-firma-parceria-com-o-conselho-nacional-de-saude-para-combater-noticias-falsas","status":"publish","type":"post","link":"https:\/\/jornalcandango.com.br\/?p=27142","title":{"rendered":"SECOM firma parceria com o Conselho Nacional de Sa\u00fade para combater not\u00edcias falsas."},"content":{"rendered":"<p style=\"text-align: justify;\"><em><strong>Ministro Paulo Pimenta considera que sites que disseminam fake News devem ser punidos.<\/strong><\/em><\/p>\n<p style=\"text-align: justify;\">O ministro-chefe da Secretaria+ de Comunica\u00e7\u00e3o Social (Secom) da Presid\u00eancia da Rep\u00fablica, Paulo Pimenta, recebeu o presidente do Conselho Nacional de Sa\u00fade, Fernando Pigatto, na tarde desta quinta-feira (19\/01). No encontro, debateram a constru\u00e7\u00e3o de parceria para combater a dissemina\u00e7\u00e3o de not\u00edcias falsas na \u00e1rea da sa\u00fade. &#8220;Essa \u00e9 a primeira parceria de combate \u00e0s fake news que a Secom vai consolidar&#8221;, anunciou o ministro.<\/p>\n<p style=\"text-align: justify;\">Para Pimenta, as consequ\u00eancias provocadas pela dissemina\u00e7\u00e3o de falsas informa\u00e7\u00f5es s\u00e3o s\u00e9rias. Na \u00e1rea da Sa\u00fade, o problema \u00e9 ainda mais grave. &#8220;Acompanhamos durante a pandemia a quantidade de not\u00edcias mentirosas que circularam e, recentemente, informa\u00e7\u00f5es que n\u00e3o s\u00e3o verdadeiras sobre a vacina\u00e7\u00e3o de sarampo e poliomielite&#8221;, revelou o ministro.<\/p>\n<p style=\"text-align: justify;\">&#8220;Fake\u00a0news\u00a0sobre o tema Sa\u00fade matam e a coopera\u00e7\u00e3o com o Estado vai fortalecer esse trabalho de impedir que as pessoas sejam desinformadas&#8221;, afirmou\u00a0Pigatto. \u00c9 papel do Conselho, segundo o presidente, combater as falsas not\u00edcias que s\u00e3o divulgadas nas redes.<\/p>\n<p style=\"text-align: justify;\">Por fim, Paulo Pimenta destacou que o campo da Sa\u00fade \u00e9 sens\u00edvel e \u00e9 necess\u00e1rio atacar discursos falsos, em especial porque as plataformas de &#8220;ca\u00e7a-cliques&#8221; se valem dessas informa\u00e7\u00f5es para atrair leitores. &#8220;Esses sites devem ser penalizados ao divulgar fake\u00a0news, pois\u00a0os espa\u00e7os na sociedade para propaga\u00e7\u00e3o devem ser de informa\u00e7\u00f5es e not\u00edcias, n\u00e3o de mentiras. A partir de hoje, seremos uma rede que divulga apenas a verdade&#8221;.<\/p>\n<p style=\"text-align: justify;\">Z\u00c9 GOTINHA \u2014 Ainda na pauta do encontro, foi discutida a relev\u00e2ncia e o significado do &#8220;Z\u00e9 Gotinha&#8221; nas campanhas nacionais de vacina\u00e7\u00e3o. &#8220;O Z\u00e9 Gotinha precisa voltar a ser um personagem fortalecido. O Z\u00e9 Gotinha voltou com tudo!&#8221;, afirmou Pigatto, referindo-se ao famoso mascote da vacina\u00e7\u00e3o infantil. O ministro Paulo Pimenta complementou, afirmando que um dos papeis da Secom \u00e9 somar for\u00e7as e contribuir para o fortalecimento e amplia\u00e7\u00e3o desse trabalho.<\/p>\n<p style=\"text-align: justify;\">SECOM &#8211; PR<\/p>\n","protected":false},"excerpt":{"rendered":"<p>Ministro Paulo Pimenta considera que sites que disseminam fake News devem ser punidos. O ministro-chefe da Secretaria+ de Comunica\u00e7\u00e3o Social (Secom) da Presid\u00eancia da Rep\u00fablica, Paulo Pimenta, recebeu o presidente do Conselho Nacional de Sa\u00fade, Fernando Pigatto, na tarde desta quinta-feira (19\/01). No encontro, debateram a constru\u00e7\u00e3o de parceria para combater a dissemina\u00e7\u00e3o de not\u00edcias [&hellip;]<\/p>\n","protected":false},"author":3,"featured_media":27143,"comment_status":"open","ping_status":"open","sticky":false,"template":"","format":"standard","meta":{"footnotes":""},"categories":[15],"tags":[],"class_list":["post-27142","post","type-post","status-publish","format-standard","has-post-thumbnail","hentry","category-brasil"],"_links":{"self":[{"href":"https:\/\/jornalcandango.com.br\/index.php?rest_route=\/wp\/v2\/posts\/27142","targetHints":{"allow":["GET"]}}],"collection":[{"href":"https:\/\/jornalcandango.com.br\/index.php?rest_route=\/wp\/v2\/posts"}],"about":[{"href":"https:\/\/jornalcandango.com.br\/index.php?rest_route=\/wp\/v2\/types\/post"}],"author":[{"embeddable":true,"href":"https:\/\/jornalcandango.com.br\/index.php?rest_route=\/wp\/v2\/users\/3"}],"replies":[{"embeddable":true,"href":"https:\/\/jornalcandango.com.br\/index.php?rest_route=%2Fwp%2Fv2%2Fcomments&post=27142"}],"version-history":[{"count":0,"href":"https:\/\/jornalcandango.com.br\/index.php?rest_route=\/wp\/v2\/posts\/27142\/revisions"}],"wp:featuredmedia":[{"embeddable":true,"href":"https:\/\/jornalcandango.com.br\/index.php?rest_route=\/"}],"wp:attachment":[{"href":"https:\/\/jornalcandango.com.br\/index.php?rest_route=%2Fwp%2Fv2%2Fmedia&parent=27142"}],"wp:term":[{"taxonomy":"category","embeddable":true,"href":"https:\/\/jornalcandango.com.br\/index.php?rest_route=%2Fwp%2Fv2%2Fcategories&post=27142"},{"taxonomy":"post_tag","embeddable":true,"href":"https:\/\/jornalcandango.com.br\/index.php?rest_route=%2Fwp%2Fv2%2Ftags&post=27142"}],"curies":[{"name":"wp","href":"https:\/\/api.w.org\/{rel}","templated":true}]}}