{"id":27139,"date":"2023-01-19T20:24:04","date_gmt":"2023-01-19T23:24:04","guid":{"rendered":"https:\/\/p31noticias.com.br\/?p=27139"},"modified":"2023-01-19T20:24:04","modified_gmt":"2023-01-19T23:24:04","slug":"russia-compara-acoes-do-ocidente-com-holocausto-e-garante-vitoria-sera-nossa","status":"publish","type":"post","link":"https:\/\/jornalcandango.com.br\/?p=27139","title":{"rendered":"R\u00fassia compara a\u00e7\u00f5es do Ocidente com Holocausto e garante: \u2018Vit\u00f3ria ser\u00e1 nossa\u2019."},"content":{"rendered":"<p style=\"text-align: justify;\"><em><strong>Ministro das Rela\u00e7\u00f5es Exteriores, Serguei Lavrov, afirmou que Estados Unidos criaram uma coaliz\u00e3o contra Moscou e que seu objetivo \u00e9 colocar uma \u2018solu\u00e7\u00e3o final\u2019 para a quest\u00e3o russa.<\/strong><\/em><\/p>\n<p style=\"text-align: justify;\">A poucos dias de completar onze meses do conflito no Leste Europeu, o ministro das Rela\u00e7\u00f5es Exteriores da R\u00fassia,\u00a0<strong><a href=\"https:\/\/jovempan.com.br\/tag\/Serguei-Lavrov\" target=\"_blank\" rel=\"noopener noreferrer\">Serguei Lavrov<\/a><\/strong>, comparou nesta quarta-feira, 18, as a\u00e7\u00f5es do ocidente contra a R\u00fassia com a \u201csolu\u00e7\u00e3o final\u201d do regime nazista para exterminar os judeus. \u201cAssim como Napole\u00e3o mobilizou quase toda a Europa contra o Imp\u00e9rio Russo, como\u00a0<strong><a href=\"https:\/\/jovempan.com.br\/tag\/hitler\" target=\"_blank\" rel=\"noopener noreferrer\">Hitler<\/a><\/strong>\u00a0mobilizou e conquistou a maioria dos pa\u00edses europeus para lider\u00e1-los contra a Uni\u00e3o Sovi\u00e9tica, hoje os Estados Unidos criaram uma coaliz\u00e3o\u201d contra Moscou, declarou Lavrov em sua entrevista coletiva de in\u00edcio de ano. Seu objetivo \u00e9 \u201co mesmo: a \u2018solu\u00e7\u00e3o final\u2019 para a quest\u00e3o russa. Como Hitler queria resolver a quest\u00e3o judaica, agora, os l\u00edderes ocidentais dizem, sem rodeios, que a\u00a0<strong><a href=\"https:\/\/jovempan.com.br\/tag\/russia\" target=\"_blank\" rel=\"noopener noreferrer\">R\u00fassia<\/a><\/strong>\u00a0tem que sofrer uma derrota estrat\u00e9gica\u201d, acrescentou. Embora Moscou acuse regularmente os pa\u00edses ocidentais de quererem \u201cdestruir\u201d a R\u00fassia enviando armas para a\u00a0<strong><a href=\"https:\/\/jovempan.com.br\/tag\/ucrania\" target=\"_blank\" rel=\"noopener noreferrer\">Ucr\u00e2nia<\/a><\/strong>, essas novas declara\u00e7\u00f5es de Lavrov podem provocar rea\u00e7\u00f5es inflamadas. Lavrov causou alvoro\u00e7o no ano passado, depois de afirmar que Hitler tinha \u201csangue judeu\u201d, levando, inclusive, o presidente Vladimir Putin a se desculpar com o primeiro-ministro israelense.<\/p>\n<p style=\"text-align: justify;\">Ao mesmo tempo em que o ministro das Rela\u00e7\u00f5es Exteriores fazer declara\u00e7\u00f5es pol\u00eamicas, o presidente russo, Vladimir Putin, se mostra confiante com o rumo do conflito. Ele diz n\u00e3o haver d\u00favidas que seu pa\u00eds sair\u00e1 vencedor. A vit\u00f3ria \u201cest\u00e1 garantida, n\u00e3o tenho d\u00favida\u201d, declarou Putin durante visita a uma f\u00e1brica de armas em S\u00e3o Petersburgo. Segundo ele, o que ajudar\u00e1 a R\u00fassia \u00e9 \u201ca unidade do povo russo, a coragem e o hero\u00edsmo dos nossos soldados e, obviamente, o trabalho do nosso setor militar e industrial\u201d. Mais uma vez, ele reiterou que os russos enfrentam um \u201cregime neonazista\u201d na Ucr\u00e2nia e afirmou que continuar\u00e1 \u201cajudando\u201d a popula\u00e7\u00e3o do leste ucraniano separatista. \u201cN\u00e3o podemos deixar de proteger\u201d, insistiu. \u201cA vit\u00f3ria ser\u00e1 nossa\u201d, garantiu Vladimir Putin. O l\u00edder russo fez esses coment\u00e1rios quase 11 meses depois do in\u00edcio da ofensiva na Ucr\u00e2nia. Nos \u00faltimos meses, as for\u00e7as russas sofreram uma s\u00e9rie de malogros ante a contraofensiva ucraniana.<\/p>\n<p style=\"text-align: justify;\">O ministro das Rela\u00e7\u00f5es Exteriores da R\u00fassia falou sobre a possibilidade de negociar um cessar-fogo da Ucr\u00e2nia, e reafirmou que seu pa\u00eds est\u00e1 disposto a analisar qualquer \u201cproposta s\u00e9ria\u201d de negocia\u00e7\u00f5es por parte dos pa\u00edses ocidentais para resolver o conflito na Ucr\u00e2nia. \u201cAinda n\u00e3o vimos uma proposta s\u00e9ria, mas estamos dispostos a analis\u00e1-las e tomar decis\u00f5es\u201d, disse ele, embora tenha descartado um di\u00e1logo com o presidente ucraniano,\u00a0<strong><a href=\"https:\/\/jovempan.com.br\/tag\/volodymyr-zelensky\" target=\"_blank\" rel=\"noopener noreferrer\">Volodymyr Zelensky<\/a><\/strong>. Os pa\u00edses ocidentais insistem em que \u201cn\u00e3o se pode falar da Ucr\u00e2nia sem a Ucr\u00e2nia, mas \u00e9 o Ocidente que decide, de qualquer modo\u201d, afirmou Lavrov. O ministro tamb\u00e9m exigiu, mais uma vez, a retirada de qualquer \u201cinfraestrutura militar\u201d localizada na Ucr\u00e2nia e nos pa\u00edses fronteiri\u00e7os, o que, segundo ele, amea\u00e7a Moscou \u201cdiretamente\u201d.<\/p>\n<p style=\"text-align: justify;\">JP NEWS<\/p>\n","protected":false},"excerpt":{"rendered":"<p>Ministro das Rela\u00e7\u00f5es Exteriores, Serguei Lavrov, afirmou que Estados Unidos criaram uma coaliz\u00e3o contra Moscou e que seu objetivo \u00e9 colocar uma \u2018solu\u00e7\u00e3o final\u2019 para a quest\u00e3o russa. A poucos dias de completar onze meses do conflito no Leste Europeu, o ministro das Rela\u00e7\u00f5es Exteriores da R\u00fassia,\u00a0Serguei Lavrov, comparou nesta quarta-feira, 18, as a\u00e7\u00f5es do [&hellip;]<\/p>\n","protected":false},"author":3,"featured_media":27140,"comment_status":"open","ping_status":"open","sticky":false,"template":"","format":"standard","meta":{"footnotes":""},"categories":[15,22],"tags":[],"class_list":["post-27139","post","type-post","status-publish","format-standard","has-post-thumbnail","hentry","category-brasil","category-mundo"],"_links":{"self":[{"href":"https:\/\/jornalcandango.com.br\/index.php?rest_route=\/wp\/v2\/posts\/27139","targetHints":{"allow":["GET"]}}],"collection":[{"href":"https:\/\/jornalcandango.com.br\/index.php?rest_route=\/wp\/v2\/posts"}],"about":[{"href":"https:\/\/jornalcandango.com.br\/index.php?rest_route=\/wp\/v2\/types\/post"}],"author":[{"embeddable":true,"href":"https:\/\/jornalcandango.com.br\/index.php?rest_route=\/wp\/v2\/users\/3"}],"replies":[{"embeddable":true,"href":"https:\/\/jornalcandango.com.br\/index.php?rest_route=%2Fwp%2Fv2%2Fcomments&post=27139"}],"version-history":[{"count":0,"href":"https:\/\/jornalcandango.com.br\/index.php?rest_route=\/wp\/v2\/posts\/27139\/revisions"}],"wp:featuredmedia":[{"embeddable":true,"href":"https:\/\/jornalcandango.com.br\/index.php?rest_route=\/"}],"wp:attachment":[{"href":"https:\/\/jornalcandango.com.br\/index.php?rest_route=%2Fwp%2Fv2%2Fmedia&parent=27139"}],"wp:term":[{"taxonomy":"category","embeddable":true,"href":"https:\/\/jornalcandango.com.br\/index.php?rest_route=%2Fwp%2Fv2%2Fcategories&post=27139"},{"taxonomy":"post_tag","embeddable":true,"href":"https:\/\/jornalcandango.com.br\/index.php?rest_route=%2Fwp%2Fv2%2Ftags&post=27139"}],"curies":[{"name":"wp","href":"https:\/\/api.w.org\/{rel}","templated":true}]}}