{"id":27130,"date":"2023-01-18T22:39:35","date_gmt":"2023-01-19T01:39:35","guid":{"rendered":"https:\/\/p31noticias.com.br\/?p=27130"},"modified":"2023-01-18T22:39:35","modified_gmt":"2023-01-19T01:39:35","slug":"contribuicao-do-mei-subira-para-r-6510-em-fevereiro","status":"publish","type":"post","link":"https:\/\/jornalcandango.com.br\/?p=27130","title":{"rendered":"Contribui\u00e7\u00e3o do MEI subir\u00e1 para R$ 65,10 em fevereiro."},"content":{"rendered":"<h3 class=\"col-10 offset-1 animated fadeInDown dealy-900 display-8 display-md-8 alt-font font-italic my-1 text-center\" style=\"text-align: justify;\"><em><strong>Valor segue sal\u00e1rio m\u00ednimo de R$ 1.302, que valer\u00e1 at\u00e9 maio.<\/strong><\/em><\/h3>\n<p style=\"text-align: justify;\">A manuten\u00e7\u00e3o do sal\u00e1rio m\u00ednimo em R$ 1.302 pelo menos at\u00e9 maio, anunciada pelo ministro do Trabalho e Emprego, Luiz Marinho, mudar\u00e1 o c\u00e1lculo da contribui\u00e7\u00e3o de microempreendedores individuais (MEI) para a Previd\u00eancia Social. O valor, que subiria para R$ 66 caso vigorasse o <a href=\"https:\/\/agenciabrasil.ebc.com.br\/politica\/noticia\/2022-12\/congresso-aprova-orcamento-com-salario-minimo-de-r1320-para-2023\" target=\"_blank\" rel=\"noopener\">sal\u00e1rio m\u00ednimo de R$ 1.320 estipulado pelo Or\u00e7amento<\/a>, agora ficar\u00e1 em R$ 65,10.<img decoding=\"async\" src=\"https:\/\/agenciabrasil.ebc.com.br\/ebc.png?id=1505016&amp;o=node\" \/>O aumento, de 7,43%, segue o reajuste do sal\u00e1rio m\u00ednimo, que passou de R$ 1.212 no ano passado para R$ 1.302 este ano, conforme estipulado por\u00a0<a href=\"https:\/\/agenciabrasil.ebc.com.br\/economia\/noticia\/2022-12\/salario-minimo-sobe-para-r-1302-em-1o-de-janeiro\" target=\"_blank\" rel=\"noopener\">medida provis\u00f3ria editada em dezembro<\/a>\u00a0pelo governo passado.<\/p>\n<p style=\"text-align: justify;\">O reajuste valer\u00e1 apenas para os boletos com vencimento a partir de 20 de fevereiro. A cota deste m\u00eas, que vence em 20 de janeiro, continuar\u00e1 a ser paga pelo valor antigo, de R$ 60,60.<\/p>\n<p style=\"text-align: justify;\">Para os MEIs caminhoneiros, que contribuem mais para a Previd\u00eancia Social, o valor passar\u00e1 de R$ 145,44 para R$ 156,24. Caso o sal\u00e1rio m\u00ednimo passasse para R$ 1.320, o valor aumentaria para R$ 158,40.<\/p>\n<h2 style=\"text-align: justify;\">Centrais sindicais<\/h2>\n<p style=\"text-align: justify;\">Ap\u00f3s reuni\u00e3o do presidente Luiz In\u00e1cio Lula da Silva com as centrais sindicais, Marinho afirmou que o sal\u00e1rio m\u00ednimo n\u00e3o ser\u00e1 reajustado para R$ 1.320 antes de maio. \u201cHoje \u00e9 R$ 1.302 e, em maio, pode ser que haja altera\u00e7\u00e3o a partir do trabalho que vamos construir [em conjunto com as centrais sindicais]\u201d, declarou o ministro.<\/p>\n<p style=\"text-align: justify;\">Tamb\u00e9m no evento, o presidente Lula indicou que pretende retomar a pol\u00edtica de reajuste que vigorou entre 2011 e 2019, com o sal\u00e1rio m\u00ednimo subindo pela infla\u00e7\u00e3o do ano anterior mais o crescimento do Produto Interno Bruto (PIB, soma dos bens e dos servi\u00e7os produzidos). Ainda n\u00e3o est\u00e1 claro se a varia\u00e7\u00e3o do PIB considerar\u00e1 o crescimento de dois anos antes ou do ano imediatamente anterior.<\/p>\n<h2 style=\"text-align: justify;\">Recolhimento<\/h2>\n<p style=\"text-align: justify;\">Profissionais aut\u00f4nomos com regime tribut\u00e1rio e previdenci\u00e1rio simplificado, os microempreendedores individuais recolhem 5% do sal\u00e1rio m\u00ednimo por m\u00eas para o Instituto Nacional do Seguro Social (INSS). Os MEIs caminhoneiros contribuem com 12% do sal\u00e1rio m\u00ednimo.<\/p>\n<p style=\"text-align: justify;\">O restante da contribui\u00e7\u00e3o mensal varia conforme o ramo de atua\u00e7\u00e3o. Os trabalhadores que exercem atividades ligadas ao com\u00e9rcio e \u00e0 ind\u00fastria pagam R$ 1 a mais referente ao Imposto sobre a Circula\u00e7\u00e3o de Mercadorias e Servi\u00e7os (ICMS), administrado pelo estado onde moram. Os profissionais que executam servi\u00e7os recolhem R$ 5 a mais de Imposto sobre Servi\u00e7os (ISS), administrado pelo munic\u00edpio onde habitam.<\/p>\n<p style=\"text-align: justify;\">Ao contribu\u00edrem para o INSS, os microempreendedores individuais passam a ter direito \u00e0 aposentadoria por idade, aux\u00edlio-doen\u00e7a, sal\u00e1rio-maternidade, aux\u00edlio-reclus\u00e3o e pens\u00e3o por morte. Al\u00e9m disso, a Receita Federal fornece um Cadastro Nacional da Pessoa Jur\u00eddica (CNPJ) aos MEIs, que podem emitir notas fiscais e obter cr\u00e9dito com condi\u00e7\u00f5es especiais.<\/p>\n<p style=\"text-align: justify;\">O boleto mensal do Documento de Arrecada\u00e7\u00e3o Simplificada do MEI (DAS-MEI) pode ser gerado no\u00a0<a href=\"https:\/\/www.gov.br\/empresas-e-negocios\/pt-br\/empreendedor\" target=\"_blank\" rel=\"noopener\">Portal do Empreendedor<\/a>. As parcelas vencem no dia 20 de cada m\u00eas.<\/p>\n<p style=\"text-align: justify;\">Ag\u00eancia Brasil.<\/p>\n","protected":false},"excerpt":{"rendered":"<p>Valor segue sal\u00e1rio m\u00ednimo de R$ 1.302, que valer\u00e1 at\u00e9 maio. A manuten\u00e7\u00e3o do sal\u00e1rio m\u00ednimo em R$ 1.302 pelo menos at\u00e9 maio, anunciada pelo ministro do Trabalho e Emprego, Luiz Marinho, mudar\u00e1 o c\u00e1lculo da contribui\u00e7\u00e3o de microempreendedores individuais (MEI) para a Previd\u00eancia Social. O valor, que subiria para R$ 66 caso vigorasse o [&hellip;]<\/p>\n","protected":false},"author":3,"featured_media":27131,"comment_status":"open","ping_status":"open","sticky":false,"template":"","format":"standard","meta":{"footnotes":""},"categories":[15],"tags":[],"class_list":["post-27130","post","type-post","status-publish","format-standard","has-post-thumbnail","hentry","category-brasil"],"_links":{"self":[{"href":"https:\/\/jornalcandango.com.br\/index.php?rest_route=\/wp\/v2\/posts\/27130","targetHints":{"allow":["GET"]}}],"collection":[{"href":"https:\/\/jornalcandango.com.br\/index.php?rest_route=\/wp\/v2\/posts"}],"about":[{"href":"https:\/\/jornalcandango.com.br\/index.php?rest_route=\/wp\/v2\/types\/post"}],"author":[{"embeddable":true,"href":"https:\/\/jornalcandango.com.br\/index.php?rest_route=\/wp\/v2\/users\/3"}],"replies":[{"embeddable":true,"href":"https:\/\/jornalcandango.com.br\/index.php?rest_route=%2Fwp%2Fv2%2Fcomments&post=27130"}],"version-history":[{"count":0,"href":"https:\/\/jornalcandango.com.br\/index.php?rest_route=\/wp\/v2\/posts\/27130\/revisions"}],"wp:featuredmedia":[{"embeddable":true,"href":"https:\/\/jornalcandango.com.br\/index.php?rest_route=\/"}],"wp:attachment":[{"href":"https:\/\/jornalcandango.com.br\/index.php?rest_route=%2Fwp%2Fv2%2Fmedia&parent=27130"}],"wp:term":[{"taxonomy":"category","embeddable":true,"href":"https:\/\/jornalcandango.com.br\/index.php?rest_route=%2Fwp%2Fv2%2Fcategories&post=27130"},{"taxonomy":"post_tag","embeddable":true,"href":"https:\/\/jornalcandango.com.br\/index.php?rest_route=%2Fwp%2Fv2%2Ftags&post=27130"}],"curies":[{"name":"wp","href":"https:\/\/api.w.org\/{rel}","templated":true}]}}