{"id":27120,"date":"2023-01-18T20:46:46","date_gmt":"2023-01-18T23:46:46","guid":{"rendered":"https:\/\/p31noticias.com.br\/?p=27120"},"modified":"2023-01-18T20:46:46","modified_gmt":"2023-01-18T23:46:46","slug":"china-e-indonesia-habilitam-frigorificos-brasileiros-para-exportacao","status":"publish","type":"post","link":"https:\/\/jornalcandango.com.br\/?p=27120","title":{"rendered":"China e Indon\u00e9sia habilitam frigor\u00edficos brasileiros para exporta\u00e7\u00e3o."},"content":{"rendered":"<h3 class=\"col-10 offset-1 animated fadeInDown dealy-900 display-8 display-md-8 alt-font font-italic my-1 text-center\" style=\"text-align: justify;\"><em><strong>Pasta da Agricultura anuncia tamb\u00e9m abertura do mercado para o algod\u00e3o.<\/strong><\/em><\/h3>\n<div class=\"post-item-wrap\" style=\"text-align: justify;\">\n<p>O ministro da Agricultura, Carlos F\u00e1varo, anunciou nesta quarta-feira (18) a habilita\u00e7\u00e3o de 11 plantas frigor\u00edficas brasileiras para a Indon\u00e9sia, al\u00e9m da derrubada da suspens\u00e3o de tr\u00eas plantas para a China. F\u00e1varo reuniu-se com o presidente Luiz In\u00e1cio Lula da Silva, no Pal\u00e1cio do Planalto, para atualizar as medidas da pasta.<img decoding=\"async\" src=\"https:\/\/agenciabrasil.ebc.com.br\/ebc.png?id=1505011&amp;o=node\" \/><img decoding=\"async\" src=\"https:\/\/agenciabrasil.ebc.com.br\/ebc.gif?id=1505011&amp;o=node\" \/><\/p>\n<p>&#8220;Posso garantir que o humor favor\u00e1vel ao Brasil voltou. Os bons ventos da economia mundial est\u00e3o olhando diferente para o Brasil. Desde 2019, o Brasil n\u00e3o tinha uma habilita\u00e7\u00e3o de plantas para exporta\u00e7\u00e3o de carne para a China&#8221;, disse o ministro a jornalistas ap\u00f3s encontro com o presidente.<\/p>\n<p>A possibilidade de abertura \u00e9 para uma empresa de abate de bovinos e duas de aves. No caso da Indon\u00e9sia, todas as novas habilita\u00e7\u00f5es s\u00e3o para plantas bovinas.<\/p>\n<h2>Algod\u00e3o<\/h2>\n<div class=\"dnd-widget-wrapper context-cheio_8colunas type-image\">\n<div class=\"dnd-atom-rendered\">\n<div class=\"shadow overflow-hidden rounded-lg d-block zoom-on-hover-sm shadow-hover w-100\"><img decoding=\"async\" class=\"flex-fill img-cover\" title=\"Arquivo\/Agencia Brasil\" src=\"https:\/\/imagens.ebc.com.br\/ublmqBSAB6QtFiNSARJ4Znd4sc4=\/754x0\/smart\/https:\/\/agenciabrasil.ebc.com.br\/sites\/default\/files\/atoms\/image\/algodao.jpg.jpg?itok=oBGzecd2\" alt=\"Algod\u00e3o\" \/><\/div>\n<\/div>\n<div class=\"dnd-caption-wrapper\">\n<div class=\"meta\">Estima-se que o Brasil tenha potencial para atender de 20% a 25% da demanda eg\u00edpcia de algod\u00e3o &#8211;\u00a0<strong>Arquivo\/Agencia Brasil<\/strong><\/div>\n<\/div>\n<\/div>\n<p>Tamb\u00e9m foi anunciada hoje a primeira abertura de mercado do ano, que \u00e9 de exporta\u00e7\u00e3o de algod\u00e3o em pluma para o Egito. As negocia\u00e7\u00f5es para a abertura do mercado iniciaram-se em 2006 e se intensificaram a partir de 2020, resultando agora na abertura do mercado.<\/p>\n<p>Segundo o ministro, essa abertura representa o reconhecimento da qualidade do produto brasileiro. \u201cQuem n\u00e3o quer comprar uma camisa ou um len\u00e7ol com a qualidade do algod\u00e3o eg\u00edpcio? Se o Brasil vai exportar para o Egito, significa que tem qualidade, tem credibilidade e tem respeito. Ao receber essa habilita\u00e7\u00e3o para exportar para o Egito, recebemos a chancela de qualidade do algod\u00e3o brasileiro para o mundo todo\u201d, disse.<\/p>\n<p>O Egito importa aproximadamente 120 mil toneladas de algod\u00e3o em pluma anualmente, tendo como principais fornecedores Gr\u00e9cia, Burkina Faso, Benin e Sud\u00e3o. O Brasil pode se beneficiar de uma janela de oportunidade entre os meses de julho e setembro, j\u00e1 que as exporta\u00e7\u00f5es gregas s\u00f3 se iniciam em outubro, informou a pasta.<\/p>\n<p>Estima-se que o Brasil tenha potencial para atender, a princ\u00edpio, de 20% a 25% da demanda eg\u00edpcia, calcula o minist\u00e9rio.<\/p>\n<\/div>\n<p class=\"alt-font font-italic my-2 small text-info\" style=\"text-align: justify;\">Ag\u00eancia Brasil.<\/p>\n<p>&nbsp;<\/p>\n","protected":false},"excerpt":{"rendered":"<p>Pasta da Agricultura anuncia tamb\u00e9m abertura do mercado para o algod\u00e3o. O ministro da Agricultura, Carlos F\u00e1varo, anunciou nesta quarta-feira (18) a habilita\u00e7\u00e3o de 11 plantas frigor\u00edficas brasileiras para a Indon\u00e9sia, al\u00e9m da derrubada da suspens\u00e3o de tr\u00eas plantas para a China. F\u00e1varo reuniu-se com o presidente Luiz In\u00e1cio Lula da Silva, no Pal\u00e1cio do [&hellip;]<\/p>\n","protected":false},"author":3,"featured_media":27121,"comment_status":"open","ping_status":"open","sticky":false,"template":"","format":"standard","meta":{"footnotes":""},"categories":[15],"tags":[],"class_list":["post-27120","post","type-post","status-publish","format-standard","has-post-thumbnail","hentry","category-brasil"],"_links":{"self":[{"href":"https:\/\/jornalcandango.com.br\/index.php?rest_route=\/wp\/v2\/posts\/27120","targetHints":{"allow":["GET"]}}],"collection":[{"href":"https:\/\/jornalcandango.com.br\/index.php?rest_route=\/wp\/v2\/posts"}],"about":[{"href":"https:\/\/jornalcandango.com.br\/index.php?rest_route=\/wp\/v2\/types\/post"}],"author":[{"embeddable":true,"href":"https:\/\/jornalcandango.com.br\/index.php?rest_route=\/wp\/v2\/users\/3"}],"replies":[{"embeddable":true,"href":"https:\/\/jornalcandango.com.br\/index.php?rest_route=%2Fwp%2Fv2%2Fcomments&post=27120"}],"version-history":[{"count":0,"href":"https:\/\/jornalcandango.com.br\/index.php?rest_route=\/wp\/v2\/posts\/27120\/revisions"}],"wp:featuredmedia":[{"embeddable":true,"href":"https:\/\/jornalcandango.com.br\/index.php?rest_route=\/"}],"wp:attachment":[{"href":"https:\/\/jornalcandango.com.br\/index.php?rest_route=%2Fwp%2Fv2%2Fmedia&parent=27120"}],"wp:term":[{"taxonomy":"category","embeddable":true,"href":"https:\/\/jornalcandango.com.br\/index.php?rest_route=%2Fwp%2Fv2%2Fcategories&post=27120"},{"taxonomy":"post_tag","embeddable":true,"href":"https:\/\/jornalcandango.com.br\/index.php?rest_route=%2Fwp%2Fv2%2Ftags&post=27120"}],"curies":[{"name":"wp","href":"https:\/\/api.w.org\/{rel}","templated":true}]}}