{"id":27116,"date":"2023-01-18T20:17:05","date_gmt":"2023-01-18T23:17:05","guid":{"rendered":"https:\/\/p31noticias.com.br\/?p=27116"},"modified":"2023-01-18T20:17:05","modified_gmt":"2023-01-18T23:17:05","slug":"bispos-criticam-saida-do-brasil-de-acordo-antiaborto-atentado-contra-a-vida-atinge-a-democracia","status":"publish","type":"post","link":"https:\/\/jornalcandango.com.br\/?p=27116","title":{"rendered":"Bispos criticam sa\u00edda do Brasil de acordo antiaborto: \u2018Atentado contra a vida atinge a democracia\u2019."},"content":{"rendered":"<p style=\"text-align: justify;\"><em><strong>CNBB se manifestou sobre decis\u00e3o que retirou o pa\u00eds da chamada Declara\u00e7\u00e3o do Consenso de Genebra e cobrou promessas eleitorais de Lula: \u2018Defesa do nascituro foi compromisso assumido em campanha\u2019.<\/strong><\/em><\/p>\n<p style=\"text-align: justify;\">A Confer\u00eancia Nacional dos Bispos do Brasil (<strong><a href=\"https:\/\/jovempan.com.br\/tag\/CNBB\">CNBB<\/a><\/strong>) se posicionou sobre a sa\u00edda do\u00a0<a href=\"https:\/\/jovempan.com.br\/tag\/brasil\"><strong>Brasil<\/strong>\u00a0<\/a>do acordo Declara\u00e7\u00e3o do Consenso de Genebra sobre Sa\u00fade da Mulher e Fortalecimento da Fam\u00edlia, criado com o intuito de conter avan\u00e7os e discuss\u00f5es sobre o aborto. Na \u00faltima ter\u00e7a-feira, o presidente\u00a0<a href=\"https:\/\/jovempan.com.br\/tag\/lula\"><strong>Luiz In\u00e1cio Lula da Silva<\/strong><\/a>\u00a0(PT) anunciou o desligamento do\u00a0<a href=\"https:\/\/jovempan.com.br\/tag\/aborto\"><strong>acordo antiaborto<\/strong><\/a>, que havia sido assinado previamente na gest\u00e3o\u00a0<a href=\"https:\/\/jovempan.com.br\/tag\/jair-bolsonaro\" target=\"_blank\" rel=\"noopener noreferrer\"><strong>Jair Bolsonaro<\/strong><\/a>\u00a0(PL). Em nota, o \u00f3rg\u00e3o que representa bispos brasileiros pontuou que a iniciativa do governo petista n\u00e3o condiz com suas promessas de campanha e ferem o Estado Democr\u00e1tico de Direito. \u201cAs \u00faltimas medidas precisam ser esclarecidas pelo Governo Federal, considerando que a defesa do nascituro foi compromisso assumido em campanha\u201d, escreveu. \u201cA hora pede sensatez e equil\u00edbrio para a efetiva busca da paz. \u00c9 preciso lembrar que qualquer atentado contra a vida \u00e9 tamb\u00e9m uma agress\u00e3o ao\u00a0<a href=\"https:\/\/jovempan.com.br\/tag\/democracia\"><strong>Estado Democr\u00e1tico de Direito<\/strong><\/a>\u00a0e configura ataques \u00e0 dignidade e ao bem estar social. A\u00a0<a href=\"https:\/\/jovempan.com.br\/tag\/igreja-catolica\"><strong>Igreja<\/strong>\u00a0<\/a>clama para que todos se unam na defesa e na prote\u00e7\u00e3o da vida em todas as suas etapas\u201d, enfatizou. O comunicado ainda pediu dignidade para todos os seres humanos e compromisso no combate \u00e0 pobreza.<\/p>\n<p style=\"text-align: justify;\">JP NEWS.<\/p>\n","protected":false},"excerpt":{"rendered":"<p>CNBB se manifestou sobre decis\u00e3o que retirou o pa\u00eds da chamada Declara\u00e7\u00e3o do Consenso de Genebra e cobrou promessas eleitorais de Lula: \u2018Defesa do nascituro foi compromisso assumido em campanha\u2019. A Confer\u00eancia Nacional dos Bispos do Brasil (CNBB) se posicionou sobre a sa\u00edda do\u00a0Brasil\u00a0do acordo Declara\u00e7\u00e3o do Consenso de Genebra sobre Sa\u00fade da Mulher e [&hellip;]<\/p>\n","protected":false},"author":3,"featured_media":27118,"comment_status":"open","ping_status":"open","sticky":false,"template":"","format":"standard","meta":{"footnotes":""},"categories":[15],"tags":[],"class_list":["post-27116","post","type-post","status-publish","format-standard","has-post-thumbnail","hentry","category-brasil"],"_links":{"self":[{"href":"https:\/\/jornalcandango.com.br\/index.php?rest_route=\/wp\/v2\/posts\/27116","targetHints":{"allow":["GET"]}}],"collection":[{"href":"https:\/\/jornalcandango.com.br\/index.php?rest_route=\/wp\/v2\/posts"}],"about":[{"href":"https:\/\/jornalcandango.com.br\/index.php?rest_route=\/wp\/v2\/types\/post"}],"author":[{"embeddable":true,"href":"https:\/\/jornalcandango.com.br\/index.php?rest_route=\/wp\/v2\/users\/3"}],"replies":[{"embeddable":true,"href":"https:\/\/jornalcandango.com.br\/index.php?rest_route=%2Fwp%2Fv2%2Fcomments&post=27116"}],"version-history":[{"count":0,"href":"https:\/\/jornalcandango.com.br\/index.php?rest_route=\/wp\/v2\/posts\/27116\/revisions"}],"wp:featuredmedia":[{"embeddable":true,"href":"https:\/\/jornalcandango.com.br\/index.php?rest_route=\/"}],"wp:attachment":[{"href":"https:\/\/jornalcandango.com.br\/index.php?rest_route=%2Fwp%2Fv2%2Fmedia&parent=27116"}],"wp:term":[{"taxonomy":"category","embeddable":true,"href":"https:\/\/jornalcandango.com.br\/index.php?rest_route=%2Fwp%2Fv2%2Fcategories&post=27116"},{"taxonomy":"post_tag","embeddable":true,"href":"https:\/\/jornalcandango.com.br\/index.php?rest_route=%2Fwp%2Fv2%2Ftags&post=27116"}],"curies":[{"name":"wp","href":"https:\/\/api.w.org\/{rel}","templated":true}]}}