{"id":27108,"date":"2023-01-18T19:08:20","date_gmt":"2023-01-18T22:08:20","guid":{"rendered":"https:\/\/p31noticias.com.br\/?p=27108"},"modified":"2023-01-18T19:08:20","modified_gmt":"2023-01-18T22:08:20","slug":"pgr-denuncia-mais-cinco-por-atos-antidemocraticos-de-8-de-janeiro","status":"publish","type":"post","link":"https:\/\/jornalcandango.com.br\/?p=27108","title":{"rendered":"PGR denuncia mais cinco por atos antidemocr\u00e1ticos de 8 de janeiro."},"content":{"rendered":"<h3 class=\"col-10 offset-1 animated fadeInDown dealy-900 display-8 display-md-8 alt-font font-italic my-1 text-center\" style=\"text-align: justify;\"><em><strong>Quatro foram presos dentro do STF e um foi identificado em v\u00eddeo.<\/strong><\/em><\/h3>\n<p style=\"text-align: justify;\">A Procuradoria-Geral da Rep\u00fablica (PGR) apresentou\u00a0hoje\u00a0(18) ao Supremo Tribunal Federal (STF) nova den\u00fancia contra mais cinco acusados de participarem dos atos antidemocr\u00e1ticos de\u00a08 de janeiro.<img decoding=\"async\" src=\"https:\/\/agenciabrasil.ebc.com.br\/ebc.png?id=1505005&amp;o=node\" \/>No documento, o subprocurador-geral da Rep\u00fablica Carlos Frederico Santos, chefe do grupo de investiga\u00e7\u00e3o dos atos, afirma que os denunciados participaram da invas\u00e3o e depreda\u00e7\u00e3o da sede da Corte.<\/p>\n<div class=\"dnd-widget-wrapper context-medio_4colunas type-image atom-align-left\" style=\"text-align: justify;\">\n<div class=\"dnd-atom-rendered\">\n<div class=\"shadow overflow-hidden rounded-lg d-block zoom-on-hover-sm shadow-hover w-100\"><img decoding=\"async\" class=\"flex-fill img-cover\" title=\"Jos\u00e9 Cruz\/Ag\u00eancia Brasil\" src=\"https:\/\/imagens.ebc.com.br\/QkyOuOLBtvq0wwB04VoRCV6lKxA=\/365x0\/smart\/https:\/\/agenciabrasil.ebc.com.br\/sites\/default\/files\/thumbnails\/image\/justica_jfcrz_abr_1301233893.jpg?itok=uVVc26tu\" alt=\"Levada durante os atos de vandalismo no edif\u00edcio-sede do Supremo Tribunal Federal (STF) no \u00faltimo domingo (8), a r\u00e9plica da Constitui\u00e7\u00e3o Federal de 1988 que ficava em exposi\u00e7\u00e3o no Sal\u00e3o Branco \u00e9 devolvida \u00e0 Corte\" \/><\/div>\n<\/div>\n<div class=\"dnd-caption-wrapper\">\n<h6 class=\"meta\">R\u00e9plica da Constitui\u00e7\u00e3o de 1988 que ficava em exposi\u00e7\u00e3o no STF &#8211;\u00a0<strong>Jos\u00e9 Cruz\/Ag\u00eancia Brasil<\/strong><\/h6>\n<\/div>\n<\/div>\n<p style=\"text-align: justify;\">Quatro dos cinco investigados foram presos dentro das instala\u00e7\u00f5es no momento da depreda\u00e7\u00e3o. O quinto foi identificado por meio de um v\u00eddeo publicado nas redes sociais no qual aparece erguendo um exemplar da\u00a0<a href=\"https:\/\/agenciabrasil.ebc.com.br\/justica\/noticia\/2023-01\/ministro-diz-que-constituicao-roubada-durante-atos-foi-encontrada\" target=\"_blank\" rel=\"noopener\">Constitui\u00e7\u00e3o que foi furtada na entrada<\/a>\u00a0do plen\u00e1rio.<\/p>\n<p style=\"text-align: justify;\">Os denunciados v\u00e3o responder pelos crimes de associa\u00e7\u00e3o criminosa armada, aboli\u00e7\u00e3o violenta do Estado Democr\u00e1tico de Direito,\u00a0golpe de Estado, dano qualificado e deteriora\u00e7\u00e3o de patrim\u00f4nio tombado.<\/p>\n<p style=\"text-align: justify;\">A procuradoria informou que a identifica\u00e7\u00e3o dos envolvidos continua e novas den\u00fancias ser\u00e3o apresentadas nos pr\u00f3ximos dias.<\/p>\n<p style=\"text-align: justify;\">Na segunda-feira (16), a PGR denunciou os primeiros 39 investigados e pediu a pris\u00e3o pris\u00e3o preventiva (por tempo indeterminado) dos envolvidos.<\/p>\n<h2 style=\"text-align: justify;\">Entenda<\/h2>\n<p style=\"text-align: justify;\">Desde que o presidente Lula foi eleito em segundo turno, no final de outubro, apoiadores do ex-presidente Bolsonaro demonstram inconformismo com o resultado do pleito e pedem um golpe militar no pa\u00eds, para depor o governo eleito democraticamente.<\/p>\n<p style=\"text-align: justify;\">As manifesta\u00e7\u00f5es dos \u00faltimos meses inclu\u00edram acampamentos em diversos quart\u00e9is-generais do pa\u00eds e culminaram com a invas\u00e3o e depreda\u00e7\u00e3o das sedes dos Tr\u00eas Poderes, no \u00faltimo dia 8.<\/p>\n<p style=\"text-align: justify;\">Ag\u00eancia Brasil.<\/p>\n","protected":false},"excerpt":{"rendered":"<p>Quatro foram presos dentro do STF e um foi identificado em v\u00eddeo. A Procuradoria-Geral da Rep\u00fablica (PGR) apresentou\u00a0hoje\u00a0(18) ao Supremo Tribunal Federal (STF) nova den\u00fancia contra mais cinco acusados de participarem dos atos antidemocr\u00e1ticos de\u00a08 de janeiro.No documento, o subprocurador-geral da Rep\u00fablica Carlos Frederico Santos, chefe do grupo de investiga\u00e7\u00e3o dos atos, afirma que os [&hellip;]<\/p>\n","protected":false},"author":3,"featured_media":27109,"comment_status":"open","ping_status":"open","sticky":false,"template":"","format":"standard","meta":{"footnotes":""},"categories":[15],"tags":[],"class_list":["post-27108","post","type-post","status-publish","format-standard","has-post-thumbnail","hentry","category-brasil"],"_links":{"self":[{"href":"https:\/\/jornalcandango.com.br\/index.php?rest_route=\/wp\/v2\/posts\/27108","targetHints":{"allow":["GET"]}}],"collection":[{"href":"https:\/\/jornalcandango.com.br\/index.php?rest_route=\/wp\/v2\/posts"}],"about":[{"href":"https:\/\/jornalcandango.com.br\/index.php?rest_route=\/wp\/v2\/types\/post"}],"author":[{"embeddable":true,"href":"https:\/\/jornalcandango.com.br\/index.php?rest_route=\/wp\/v2\/users\/3"}],"replies":[{"embeddable":true,"href":"https:\/\/jornalcandango.com.br\/index.php?rest_route=%2Fwp%2Fv2%2Fcomments&post=27108"}],"version-history":[{"count":0,"href":"https:\/\/jornalcandango.com.br\/index.php?rest_route=\/wp\/v2\/posts\/27108\/revisions"}],"wp:featuredmedia":[{"embeddable":true,"href":"https:\/\/jornalcandango.com.br\/index.php?rest_route=\/"}],"wp:attachment":[{"href":"https:\/\/jornalcandango.com.br\/index.php?rest_route=%2Fwp%2Fv2%2Fmedia&parent=27108"}],"wp:term":[{"taxonomy":"category","embeddable":true,"href":"https:\/\/jornalcandango.com.br\/index.php?rest_route=%2Fwp%2Fv2%2Fcategories&post=27108"},{"taxonomy":"post_tag","embeddable":true,"href":"https:\/\/jornalcandango.com.br\/index.php?rest_route=%2Fwp%2Fv2%2Ftags&post=27108"}],"curies":[{"name":"wp","href":"https:\/\/api.w.org\/{rel}","templated":true}]}}