{"id":27093,"date":"2023-01-16T23:33:30","date_gmt":"2023-01-17T02:33:30","guid":{"rendered":"https:\/\/p31noticias.com.br\/?p=27093"},"modified":"2023-01-16T23:33:30","modified_gmt":"2023-01-17T02:33:30","slug":"policia-prende-no-rio-mais-um-anestesista-acusado-de-estupro","status":"publish","type":"post","link":"https:\/\/jornalcandango.com.br\/?p=27093","title":{"rendered":"Pol\u00edcia prende no Rio mais um anestesista acusado de estupro."},"content":{"rendered":"<h3 class=\"col-10 offset-1 animated fadeInDown dealy-900 display-8 display-md-8 alt-font font-italic my-1 text-center\" style=\"text-align: justify;\"><em><strong>M\u00e9dico tamb\u00e9m \u00e9 investigado por pornografia infantil.<\/strong><\/em><\/h3>\n<p style=\"text-align: justify;\">O m\u00e9dico anestesista colombiano Andres Eduardo Onate Carrillo, acusado de estupro de vulner\u00e1vel, foi preso hoje (16), no Rio de Janeiro. Segundo a Pol\u00edcia Civil, ele foi preso por agentes da Delegacia da Crian\u00e7a e do Adolescente V\u00edtima (DCAV), na pr\u00f3pria resid\u00eancia, na Barra da Tijuca.<img decoding=\"async\" src=\"https:\/\/agenciabrasil.ebc.com.br\/ebc.png?id=1504468&amp;o=node\" \/><img decoding=\"async\" src=\"https:\/\/agenciabrasil.ebc.com.br\/ebc.gif?id=1504468&amp;o=node\" \/><\/p>\n<p style=\"text-align: justify;\">Os policiais cumpriram mandados de pris\u00e3o e de busca e apreens\u00e3o. Carrillo \u00e9 suspeito de estuprar pacientes sedadas, durante cirurgias, em hospitais das redes p\u00fablica e particular. A Pol\u00edcia Civil informou que ele tinha o h\u00e1bito de filmar o ato do crime e colecionar as imagens.<\/p>\n<h2 style=\"text-align: justify;\">Cenas de abuso<\/h2>\n<p style=\"text-align: justify;\">O colombiano responde tamb\u00e9m a inqu\u00e9rito por produ\u00e7\u00e3o e armazenamento de cenas de abuso infantojuvenil. Foram encontrados nos equipamentos eletr\u00f4nicos do m\u00e9dico mais de 20 mil arquivos com imagens de abuso sexual envolvendo crian\u00e7as e adolescentes.<\/p>\n<p style=\"text-align: justify;\">\u201cA an\u00e1lise do material chamou a aten\u00e7\u00e3o pela gravidade e quantidade de arquivos, que inclu\u00edam at\u00e9 beb\u00eas com menos de um ano de vida\u201d, informou a pol\u00edcia, em nota.<\/p>\n<p style=\"text-align: justify;\">As investiga\u00e7\u00f5es come\u00e7aram no m\u00eas passado, com o compartilhamento de informa\u00e7\u00f5es entre o Servi\u00e7o de Repress\u00e3o a Crimes de \u00d3dio e Pornografia Infantil (Sercopi) da Pol\u00edcia Federal com a Intelig\u00eancia do 2\u00ba Departamento de Pol\u00edcia de \u00c1rea (DPA) da Pol\u00edcia Civil.<\/p>\n<p style=\"text-align: justify;\">Os pr\u00f3ximos passos da investiga\u00e7\u00e3o incluem levantar todas as unidades em que o m\u00e9dico trabalha para encontrar novas poss\u00edveis v\u00edtimas, al\u00e9m de analisar o material apreendido.<\/p>\n<p style=\"text-align: justify;\">Em julho do ano passado, o anestesista Giovanni Quintella Bezerra foi preso ap\u00f3s estuprar uma mulher durante o parto no centro cir\u00fargico do Hospital da Mulher Heloneida Studart, em S\u00e3o Jo\u00e3o de Meriti, na Baixada Fluminense. Ele est\u00e1 preso e<a href=\"http:\/\/agenciabrasil.ebc.com.br\/justica\/noticia\/2022-11\/justica-nega-pedido-de-soltura-para-anestesista-acusado-de-estupro#\" target=\"_blank\" rel=\"noopener\">\u00a0a justi\u00e7a negou o\u00a0<em>habeas corpus<\/em><\/a>\u00a0em novembro.<\/p>\n<h2 style=\"text-align: justify;\">Cremerj<\/h2>\n<p style=\"text-align: justify;\">Em nota, o Conselho Regional de Medicina do Rio de Janeiro\u00a0(Cremerj)\u00a0informou que \u201cap\u00f3s receber den\u00fancias graves pela imprensa, abriu uma sindic\u00e2ncia contra o m\u00e9dico colombiano Andres Eduardo O\u00f1ate Carrillo, preso, na manh\u00e3 desta segunda-feira, acusado de estuprar mulheres durante cirurgias.&#8221; O conselho informou que na \u00e9poca dos casos citados na mat\u00e9ria, Carillo n\u00e3o possu\u00eda CRM e atuava de forma irregular, &#8220;fato que tamb\u00e9m ser\u00e1 apurado junto \u00e0s unidades de sa\u00fade mencionadas\u201d.<\/p>\n<p style=\"text-align: justify;\">A nota diz ainda que como medida preventiva, ap\u00f3s a cita\u00e7\u00e3o de Carillo na pris\u00e3o, o Cremerj agiliza os tr\u00e2mites para solicitar imediatamente a interdi\u00e7\u00e3o cautelar dele, a fim de evitar novos riscos \u00e0 sociedade. \u201cAp\u00f3s a apura\u00e7\u00e3o dos fatos pelo Conselho, mediante an\u00e1lise da c\u00f3pia do inqu\u00e9rito policial solicitada hoje, um processo \u00e9tico-profissional (PEP) poder\u00e1 ser instaurado para julgar o caso. Finalizado o rito processual, se considerado infrator, o m\u00e9dico pode sofrer a cassa\u00e7\u00e3o do exerc\u00edcio profissional\u201d.<\/p>\n<p style=\"text-align: justify;\">O Conselho afirmou que considera as acusa\u00e7\u00f5es grav\u00edssimas e que o caso ser\u00e1 apurado com todo rigor e celeridade.<\/p>\n<p style=\"text-align: justify;\">Ag\u00eancia Brasil.<\/p>\n","protected":false},"excerpt":{"rendered":"<p>M\u00e9dico tamb\u00e9m \u00e9 investigado por pornografia infantil. O m\u00e9dico anestesista colombiano Andres Eduardo Onate Carrillo, acusado de estupro de vulner\u00e1vel, foi preso hoje (16), no Rio de Janeiro. Segundo a Pol\u00edcia Civil, ele foi preso por agentes da Delegacia da Crian\u00e7a e do Adolescente V\u00edtima (DCAV), na pr\u00f3pria resid\u00eancia, na Barra da Tijuca. Os policiais [&hellip;]<\/p>\n","protected":false},"author":3,"featured_media":27094,"comment_status":"open","ping_status":"open","sticky":false,"template":"","format":"standard","meta":{"footnotes":""},"categories":[15],"tags":[],"class_list":["post-27093","post","type-post","status-publish","format-standard","has-post-thumbnail","hentry","category-brasil"],"_links":{"self":[{"href":"https:\/\/jornalcandango.com.br\/index.php?rest_route=\/wp\/v2\/posts\/27093","targetHints":{"allow":["GET"]}}],"collection":[{"href":"https:\/\/jornalcandango.com.br\/index.php?rest_route=\/wp\/v2\/posts"}],"about":[{"href":"https:\/\/jornalcandango.com.br\/index.php?rest_route=\/wp\/v2\/types\/post"}],"author":[{"embeddable":true,"href":"https:\/\/jornalcandango.com.br\/index.php?rest_route=\/wp\/v2\/users\/3"}],"replies":[{"embeddable":true,"href":"https:\/\/jornalcandango.com.br\/index.php?rest_route=%2Fwp%2Fv2%2Fcomments&post=27093"}],"version-history":[{"count":0,"href":"https:\/\/jornalcandango.com.br\/index.php?rest_route=\/wp\/v2\/posts\/27093\/revisions"}],"wp:featuredmedia":[{"embeddable":true,"href":"https:\/\/jornalcandango.com.br\/index.php?rest_route=\/"}],"wp:attachment":[{"href":"https:\/\/jornalcandango.com.br\/index.php?rest_route=%2Fwp%2Fv2%2Fmedia&parent=27093"}],"wp:term":[{"taxonomy":"category","embeddable":true,"href":"https:\/\/jornalcandango.com.br\/index.php?rest_route=%2Fwp%2Fv2%2Fcategories&post=27093"},{"taxonomy":"post_tag","embeddable":true,"href":"https:\/\/jornalcandango.com.br\/index.php?rest_route=%2Fwp%2Fv2%2Ftags&post=27093"}],"curies":[{"name":"wp","href":"https:\/\/api.w.org\/{rel}","templated":true}]}}