{"id":27090,"date":"2023-01-16T23:26:29","date_gmt":"2023-01-17T02:26:29","guid":{"rendered":"https:\/\/p31noticias.com.br\/?p=27090"},"modified":"2023-01-16T23:26:29","modified_gmt":"2023-01-17T02:26:29","slug":"piso-nacional-dos-professores-sobe-para-r-4-42055","status":"publish","type":"post","link":"https:\/\/jornalcandango.com.br\/?p=27090","title":{"rendered":"Piso nacional dos professores sobe para R$ 4.420,55."},"content":{"rendered":"<h3 class=\"col-10 offset-1 animated fadeInDown dealy-900 display-8 display-md-8 alt-font font-italic my-1 text-center\" style=\"text-align: justify;\"><em><strong>Portaria foi assinada pelo ministro da Educa\u00e7\u00e3o, Camilo Santana.<\/strong><\/em><\/h3>\n<div class=\"post-item-wrap\">\n<p style=\"text-align: justify;\">O piso nacional dos professores subir\u00e1 para R$ 4.420,55 em 2023, um reajuste de 15% em rela\u00e7\u00e3o ao piso do ano passado, que era de R$ 3.845,63. A portaria com o novo valor foi assinada pelo ministro da Educa\u00e7\u00e3o, Camilo Santana.<img decoding=\"async\" src=\"https:\/\/agenciabrasil.ebc.com.br\/ebc.png?id=1504637&amp;o=node\" \/><img decoding=\"async\" src=\"https:\/\/agenciabrasil.ebc.com.br\/ebc.gif?id=1504637&amp;o=node\" \/><\/p>\n<p style=\"text-align: justify;\">&#8220;A valoriza\u00e7\u00e3o dos nossos profissionais da educa\u00e7\u00e3o \u00e9 fator determinante para o crescimento do nosso pa\u00eds&#8221;, escreveu o ministro, ao anunciar o novo valor nas redes sociais.<\/p>\n<p style=\"text-align: justify;\">O piso nacional do magist\u00e9rio representa o sal\u00e1rio inicial das carreiras do magist\u00e9rio p\u00fablico da educa\u00e7\u00e3o b\u00e1sica para a forma\u00e7\u00e3o em n\u00edvel m\u00e9dio. O valor considera uma jornada de 40 horas semanais na modalidade normal de ensino.<\/p>\n<p style=\"text-align: justify;\">A cada ano, o piso do magist\u00e9rio deve ser corrigido todos os anos pelo crescimento do valor anual m\u00ednimo por aluno referente aos anos iniciais do ensino fundamental urbano, estabelecido pelo Fundo de Manuten\u00e7\u00e3o e Desenvolvimento da Educa\u00e7\u00e3o B\u00e1sica (Fundeb). Para 2023, o Fundeb estabelecia o reajuste de 15% no valor.<\/p>\n<p><img decoding=\"async\" src=\"https:\/\/mail.google.com\/mail\/u\/0?ui=2&amp;ik=e51c0b2605&amp;attid=0.1.1&amp;permmsgid=msg-f:1755234571369052975&amp;th=185bd88b03effb2f&amp;view=fimg&amp;fur=ip&amp;sz=s0-l75-ft&amp;attbid=ANGjdJ_E4haYvprdqc4Dpv_8PA_eEyBKRiVFl3Ye8gAqyBWmmwuqpVhyPbWbAsqPqHTOcaCUqQRSN_xI6LDQa2CdFeVRPHloE8i4Pz0kQE49T_osQosrlMbqRVhOgL8&amp;disp=emb\" \/><\/p>\n<\/div>\n<div><strong>Ag\u00eancia Brasil.<\/strong><\/div>\n<div><\/div>\n","protected":false},"excerpt":{"rendered":"<p>Portaria foi assinada pelo ministro da Educa\u00e7\u00e3o, Camilo Santana. O piso nacional dos professores subir\u00e1 para R$ 4.420,55 em 2023, um reajuste de 15% em rela\u00e7\u00e3o ao piso do ano passado, que era de R$ 3.845,63. A portaria com o novo valor foi assinada pelo ministro da Educa\u00e7\u00e3o, Camilo Santana. &#8220;A valoriza\u00e7\u00e3o dos nossos profissionais [&hellip;]<\/p>\n","protected":false},"author":3,"featured_media":27091,"comment_status":"open","ping_status":"open","sticky":false,"template":"","format":"standard","meta":{"footnotes":""},"categories":[15],"tags":[],"class_list":["post-27090","post","type-post","status-publish","format-standard","has-post-thumbnail","hentry","category-brasil"],"_links":{"self":[{"href":"https:\/\/jornalcandango.com.br\/index.php?rest_route=\/wp\/v2\/posts\/27090","targetHints":{"allow":["GET"]}}],"collection":[{"href":"https:\/\/jornalcandango.com.br\/index.php?rest_route=\/wp\/v2\/posts"}],"about":[{"href":"https:\/\/jornalcandango.com.br\/index.php?rest_route=\/wp\/v2\/types\/post"}],"author":[{"embeddable":true,"href":"https:\/\/jornalcandango.com.br\/index.php?rest_route=\/wp\/v2\/users\/3"}],"replies":[{"embeddable":true,"href":"https:\/\/jornalcandango.com.br\/index.php?rest_route=%2Fwp%2Fv2%2Fcomments&post=27090"}],"version-history":[{"count":0,"href":"https:\/\/jornalcandango.com.br\/index.php?rest_route=\/wp\/v2\/posts\/27090\/revisions"}],"wp:featuredmedia":[{"embeddable":true,"href":"https:\/\/jornalcandango.com.br\/index.php?rest_route=\/"}],"wp:attachment":[{"href":"https:\/\/jornalcandango.com.br\/index.php?rest_route=%2Fwp%2Fv2%2Fmedia&parent=27090"}],"wp:term":[{"taxonomy":"category","embeddable":true,"href":"https:\/\/jornalcandango.com.br\/index.php?rest_route=%2Fwp%2Fv2%2Fcategories&post=27090"},{"taxonomy":"post_tag","embeddable":true,"href":"https:\/\/jornalcandango.com.br\/index.php?rest_route=%2Fwp%2Fv2%2Ftags&post=27090"}],"curies":[{"name":"wp","href":"https:\/\/api.w.org\/{rel}","templated":true}]}}