{"id":27081,"date":"2023-01-14T15:46:21","date_gmt":"2023-01-14T18:46:21","guid":{"rendered":"https:\/\/p31noticias.com.br\/?p=27081"},"modified":"2023-01-14T15:46:21","modified_gmt":"2023-01-14T18:46:21","slug":"com-portoes-abertos-e-promocao-para-a-torcida-capital-faz-amistoso-neste-domingo","status":"publish","type":"post","link":"https:\/\/jornalcandango.com.br\/?p=27081","title":{"rendered":"Com port\u00f5es abertos e promo\u00e7\u00e3o para a torcida, Capital faz amistoso neste domingo."},"content":{"rendered":"<p style=\"text-align: justify;\"><em><strong>Duelo ocorre pela manh\u00e3, no Est\u00e1dio JK, no Parano\u00e1, contra a equipe mineira da Patrocinense.<\/strong><\/em><\/p>\n<div dir=\"auto\" style=\"text-align: justify;\">\u00c0s 10 horas deste domingo (15), o Capital volta a campo para mais um amistoso preparat\u00f3rio para o Candang\u00e3o 2023. Ap\u00f3s vencer o Goi\u00e2nia (GO), por 2 x 1, de virada; e o Parano\u00e1, por 1 x 0; os comandados do t\u00e9cnico Rog\u00e9rio Mancini enfrentam a Patrocinense, da primeira divis\u00e3o de Minas Gerais. O duelo ocorre no Est\u00e1dio JK, no Parano\u00e1, com entrada gratuita para a torcida.<\/div>\n<div dir=\"auto\" style=\"text-align: justify;\"><\/div>\n<div dir=\"auto\" style=\"text-align: justify;\">\u201cViemos de boas vistorias, mas isso \u00e9 noque menos importa por enquanto. Quero que os atletas usem esses jogos para melhorarem f\u00edsica e tecnicamente\u201d, enfatiza o treinador tricolor. \u201cAinda h\u00e1 muitos erros a serem corrigidos at\u00e9 chegarmos \u00e0 estreia e essas oportunidades s\u00e3o fundamentais\u201d, completa Rog\u00e9rio Mancini.<\/div>\n<div dir=\"auto\">\n<figure style=\"width: 373px\" class=\"wp-caption alignnone\"><img fetchpriority=\"high\" decoding=\"async\" class=\"\" src=\"https:\/\/mail.google.com\/mail\/u\/0?ui=2&amp;ik=e51c0b2605&amp;attid=0.1.1&amp;permmsgid=msg-f:1755025212972021936&amp;th=185b1a21f70d38b0&amp;view=fimg&amp;fur=ip&amp;sz=s0-l75-ft&amp;attbid=ANGjdJ_SB4wMaK1mSsAmAl1TpUXCMs_E25aC5MfCTxW_0i3WKWyMdYg-jHRHApibqUeISfVyYSCjttXxwdTv6mn_JSCL410SxkuWYPWJjzVYMdd74YXrgf5caVETphk&amp;disp=emb\" alt=\"\" width=\"373\" height=\"232\" \/><figcaption class=\"wp-caption-text\">Foto de Gustavo Roquete\/CapitalCF<\/figcaption><\/figure>\n<\/div>\n<div dir=\"auto\" style=\"text-align: justify;\">Mais uma vez, o t\u00e9cnico deve mandar uma equipe no primeiro tempo e outra completamente diferente no segundo. \u201cMais que um time titular fixo, penso em uma base s\u00f3lida. Dessa forma, independentemente de quem entra ou quem sai, a equipe mant\u00e9m a mesa estrutura\u201d, explica o comandante.<\/div>\n<div dir=\"auto\" style=\"text-align: justify;\">Durante esta semana, os treinos ocorreram em dois turnos em praticamente todos os dias. Al\u00e9m de trabalhos f\u00edsicos e t\u00e9cnicos, Mancini enfatizou muito a parte t\u00e1tica e de posicionamento em campo, bem como a valoriza\u00e7\u00e3o da posse de bola e as sa\u00eddas r\u00e1pidas.<\/div>\n<div dir=\"auto\" style=\"text-align: justify;\"><\/div>\n<div dir=\"auto\" style=\"text-align: justify;\">Leozynho, respons\u00e1vel pelo gol na vit\u00f3ria sobre o Parano\u00e1, no meio de semana, acredita que a equipe est\u00e1 evoluindo gradativamente. \u201cO professor tem apresentado o que ele quer de n\u00f3s e a gente est\u00e1 tentando entregar em campo. \u00c9 o in\u00edcio de um trabalho que, em breve, vai estar na condi\u00e7\u00e3o ideal\u201d, conta o atacante de 20 anos, cria da base do Capital.<\/div>\n<div dir=\"auto\">\n<figure style=\"width: 393px\" class=\"wp-caption alignnone\"><img decoding=\"async\" class=\"\" src=\"https:\/\/mail.google.com\/mail\/u\/0?ui=2&amp;ik=e51c0b2605&amp;attid=0.1.1&amp;permmsgid=msg-f:1755024265113174538&amp;th=185b19454643020a&amp;view=fimg&amp;fur=ip&amp;sz=s0-l75-ft&amp;attbid=ANGjdJ9WMfIuJLJMmDMVDrtb-_qiOlKeJhyRg2-ECp0GnKgRaFRk9Db-Bas4JADSxfX-AMmx_1W7n-b5sOD3Zjg7ZDdhVwZTEpYcqsrCn3SXbQ8ZATiMNNyF2PR3aWg&amp;disp=emb\" alt=\"\" width=\"393\" height=\"236\" \/><figcaption class=\"wp-caption-text\">Foto de Gustavo Roquete\/CapitalCF<\/figcaption><\/figure>\n<\/div>\n<div dir=\"auto\" style=\"text-align: justify;\"><\/div>\n<div dir=\"auto\" style=\"text-align: justify;\">*Promo\u00e7\u00e3o*<\/div>\n<div dir=\"auto\" style=\"text-align: justify;\">O Capital estreia no Candang\u00e3o 2023 em 29 de janeiro, a partir das 10 horas, contra o Samambaia, no Est\u00e1dio JK. Os 300 primeiros torcedores que comprarem o ingresso desse jogo ganham uma camiseta do Tricolor. As entradas custam R$ 20 e v\u00e3o estar \u00e0 venda neste domingo (15), na loja do time dentro do pr\u00f3prio Est\u00e1dio JK, durante o amistoso contra a Patrocinense (MG), \u00e0s 10 horas.<\/div>\n<div dir=\"auto\" style=\"text-align: justify;\"><\/div>\n<div dir=\"auto\" style=\"text-align: justify;\">O goleiro Felipe, bicampe\u00e3o da Copa do Brasil por Flamengo e Corinthians, \u00e9 atual goleiro do Capital vai autografar a camisa dos torcedores.<\/div>\n<div dir=\"auto\" style=\"text-align: justify;\"><\/div>\n<div dir=\"auto\" style=\"text-align: justify;\">*AMISTOSO*<\/div>\n<div dir=\"auto\">CAPITAL X PATROCINENSE<\/div>\n<div dir=\"auto\">Local: Est\u00e1dio JK<\/div>\n<div dir=\"auto\">Data: 15 de janeiro (domingo)<\/div>\n<div dir=\"auto\">Hor\u00e1rio: 10 horas<\/div>\n<div dir=\"auto\">Ingressos: entrada franca<\/div>\n<div dir=\"auto\"><\/div>\n<div dir=\"auto\">Da Reda\u00e7\u00e3o.<\/div>\n","protected":false},"excerpt":{"rendered":"<p>Duelo ocorre pela manh\u00e3, no Est\u00e1dio JK, no Parano\u00e1, contra a equipe mineira da Patrocinense. \u00c0s 10 horas deste domingo (15), o Capital volta a campo para mais um amistoso preparat\u00f3rio para o Candang\u00e3o 2023. Ap\u00f3s vencer o Goi\u00e2nia (GO), por 2 x 1, de virada; e o Parano\u00e1, por 1 x 0; os comandados [&hellip;]<\/p>\n","protected":false},"author":3,"featured_media":27082,"comment_status":"open","ping_status":"open","sticky":false,"template":"","format":"standard","meta":{"footnotes":""},"categories":[13],"tags":[],"class_list":["post-27081","post","type-post","status-publish","format-standard","has-post-thumbnail","hentry","category-outros"],"_links":{"self":[{"href":"https:\/\/jornalcandango.com.br\/index.php?rest_route=\/wp\/v2\/posts\/27081","targetHints":{"allow":["GET"]}}],"collection":[{"href":"https:\/\/jornalcandango.com.br\/index.php?rest_route=\/wp\/v2\/posts"}],"about":[{"href":"https:\/\/jornalcandango.com.br\/index.php?rest_route=\/wp\/v2\/types\/post"}],"author":[{"embeddable":true,"href":"https:\/\/jornalcandango.com.br\/index.php?rest_route=\/wp\/v2\/users\/3"}],"replies":[{"embeddable":true,"href":"https:\/\/jornalcandango.com.br\/index.php?rest_route=%2Fwp%2Fv2%2Fcomments&post=27081"}],"version-history":[{"count":0,"href":"https:\/\/jornalcandango.com.br\/index.php?rest_route=\/wp\/v2\/posts\/27081\/revisions"}],"wp:featuredmedia":[{"embeddable":true,"href":"https:\/\/jornalcandango.com.br\/index.php?rest_route=\/"}],"wp:attachment":[{"href":"https:\/\/jornalcandango.com.br\/index.php?rest_route=%2Fwp%2Fv2%2Fmedia&parent=27081"}],"wp:term":[{"taxonomy":"category","embeddable":true,"href":"https:\/\/jornalcandango.com.br\/index.php?rest_route=%2Fwp%2Fv2%2Fcategories&post=27081"},{"taxonomy":"post_tag","embeddable":true,"href":"https:\/\/jornalcandango.com.br\/index.php?rest_route=%2Fwp%2Fv2%2Ftags&post=27081"}],"curies":[{"name":"wp","href":"https:\/\/api.w.org\/{rel}","templated":true}]}}