{"id":27078,"date":"2023-01-14T15:33:01","date_gmt":"2023-01-14T18:33:01","guid":{"rendered":"https:\/\/p31noticias.com.br\/?p=27078"},"modified":"2023-01-14T15:33:01","modified_gmt":"2023-01-14T18:33:01","slug":"ipva-confira-o-calendario-de-pagamento-nos-26-estados-e-no-df","status":"publish","type":"post","link":"https:\/\/jornalcandango.com.br\/?p=27078","title":{"rendered":"IPVA: confira o calend\u00e1rio de pagamento nos 26 estados e no DF."},"content":{"rendered":"<h3 class=\"col-10 offset-1 animated fadeInDown dealy-900 display-8 display-md-8 alt-font font-italic my-1 text-center\" style=\"text-align: justify;\"><strong>Em alguns estados, o IPVA em cota \u00fanica pode ser pago com desconto.<\/strong><\/h3>\n<p style=\"text-align: justify;\">O m\u00eas de janeiro abre o in\u00edcio de um novo ano e, com ele, os boletos referentes ao pagamento de diferentes taxas e impostos come\u00e7am a aparecer. Entre essas cobran\u00e7as est\u00e1 a do Imposto sobre a Propriedade de Ve\u00edculos Automotores (IPVA). Realizada anualmente, a cobran\u00e7a do tributo tem calend\u00e1rios diferentes de vencimentos, definidos por cada estado.<img decoding=\"async\" src=\"https:\/\/agenciabrasil.ebc.com.br\/ebc.png?id=1502949&amp;o=node\" \/><img decoding=\"async\" src=\"https:\/\/agenciabrasil.ebc.com.br\/ebc.gif?id=1502949&amp;o=node\" \/><\/p>\n<p style=\"text-align: justify;\">O pagamento do IPVA \u00e9 obrigat\u00f3rio e a al\u00edquota apresenta varia\u00e7\u00e3o conforme o modelo e a o ano de fabrica\u00e7\u00e3o do ve\u00edculo e tamb\u00e9m o estado em que o contribuinte mora.<\/p>\n<p style=\"text-align: justify;\">Em alguns estados, o IPVA pode ser pago com desconto, por quem optar pela chamada cota \u00fanica. Quem n\u00e3o optar pela parcela \u00fanica, pode pagar o imposto em parcelas que variam de estado para estado.<\/p>\n<h2 style=\"text-align: justify;\">Confira abaixo o calend\u00e1rio para o pagamento do imposto em cada um dos estados e no Distrito Federal:<\/h2>\n<p style=\"text-align: justify;\"><a href=\"https:\/\/agenciabrasil.ebc.com.br\/economia\/noticia\/2023-01\/ipva-confira-o-calendario-de-pagamento-no-estadodo-acre\" target=\"_blank\" rel=\"noopener\">Acre<\/a><br \/>\n<a href=\"https:\/\/agenciabrasil.ebc.com.br\/economia\/noticia\/2023-01\/ipva-confira-o-calendario-de-pagamento-em-alagoas\" target=\"_blank\" rel=\"noopener\">Alagoas<\/a><br \/>\n<a href=\"https:\/\/agenciabrasil.ebc.com.br\/economia\/noticia\/2023-01\/ipva-confira-o-calendario-de-pagamento-no-amapa\" target=\"_blank\" rel=\"noopener\">Amap\u00e1<\/a><br \/>\n<a href=\"https:\/\/agenciabrasil.ebc.com.br\/economia\/noticia\/2023-01\/ipva-confira-o-calendario-de-pagamento-no-amazonas\" target=\"_blank\" rel=\"noopener\">Amazonas<\/a><br \/>\n<a href=\"https:\/\/agenciabrasil.ebc.com.br\/economial\/noticia\/2023-01\/ipva-confira-o-calendario-de-pagamento-na-bahia\" target=\"_blank\" rel=\"noopener\">Bahia<\/a><br \/>\n<a href=\"https:\/\/agenciabrasil.ebc.com.br\/economia\/noticia\/2023-01\/ipva-confira-o-calendario-de-pagamento-no-ceara\" target=\"_blank\" rel=\"noopener\">Cear\u00e1<\/a><br \/>\n<a href=\"https:\/\/agenciabrasil.ebc.com.br\/economia\/noticia\/2023-01\/ipva-confira-o-calendario-de-pagamento-no-distrito-federal\" target=\"_blank\" rel=\"noopener\">Distrito Federal<\/a><br \/>\n<a href=\"https:\/\/agenciabrasil.ebc.com.br\/economia\/noticia\/2023-01\/ipva-confira-o-calendario-de-pagamento-no-espirito-santo\" target=\"_blank\" rel=\"noopener\">Esp\u00edrito Santo<\/a><br \/>\n<a href=\"https:\/\/agenciabrasil.ebc.com.br\/economia\/noticia\/2023-01\/ipva-veja-o-calendario-de-pagamento-em-goias\" target=\"_blank\" rel=\"noopener\">Goi\u00e1s<\/a><br \/>\n<a href=\"https:\/\/agenciabrasil.ebc.com.br\/geral\/noticia\/2023-01\/ipva-veja-o-calendario-de-pagamento-no-maranhao\" target=\"_blank\" rel=\"noopener\">Maranh\u00e3o<\/a><br \/>\n<a href=\"https:\/\/agenciabrasil.ebc.com.br\/economia\/noticia\/2023-01\/ipva-veja-o-calendario-de-pagamento-para-mato-grosso\" target=\"_blank\" rel=\"noopener\">Mato Grosso<\/a><br \/>\n<a href=\"https:\/\/agenciabrasil.ebc.com.br\/economia\/noticia\/2023-01\/ipva-veja-o-calendario-de-pagamento-de-mato-grosso-do-sul\" target=\"_blank\" rel=\"noopener\">Mato Grosso do Sul<\/a><br \/>\n<a href=\"https:\/\/agenciabrasil.ebc.com.br\/economia\/noticia\/2023-01\/ipva-veja-o-calendario-de-pagamento-em-minas-gerais\" target=\"_blank\" rel=\"noopener\">Minas Gerais<\/a><br \/>\n<a href=\"https:\/\/agenciabrasil.ebc.com.br\/economia\/noticia\/2023-01\/ipva-veja-o-calendario-de-pagamento-do-estado-do-para\" target=\"_blank\" rel=\"noopener\">Par\u00e1<\/a><br \/>\n<a href=\"https:\/\/agenciabrasil.ebc.com.br\/economia\/noticia\/2023-01\/ipva-confira-calendario-de-pagamento-na-paraiba\" target=\"_blank\" rel=\"noopener\">Para\u00edba<\/a><br \/>\n<a href=\"https:\/\/agenciabrasil.ebc.com.br\/economia\/noticia\/2023-01\/ipva-veja-o-calendario-de-pagamento-no-parana\" target=\"_blank\" rel=\"noopener\">Paran\u00e1<\/a><br \/>\n<a href=\"https:\/\/agenciabrasil.ebc.com.br\/economia\/noticia\/2023-01\/ipva-veja-o-calendario-de-pagamento-em-pernambuco\" target=\"_blank\" rel=\"noopener\">Pernambuco<\/a><br \/>\n<a href=\"https:\/\/agenciabrasil.ebc.com.br\/economia\/noticia\/2023-01\/ipva-veja-o-calendario-de-pagamento-para-o-estado-do-piaui\" target=\"_blank\" rel=\"noopener\">Piau\u00ed<\/a><br \/>\n<a href=\"https:\/\/agenciabrasil.ebc.com.br\/geral\/noticia\/2023-01\/proprietarios-de-veiculos-no-rio-ja-podem-pagar-ipva-2023\" target=\"_blank\" rel=\"noopener\">Rio de Janeiro<\/a><br \/>\n<a href=\"https:\/\/agenciabrasil.ebc.com.br\/economia\/noticia\/2023-01\/ipva-veja-o-calendario-de-pagamento-do-rio-grande-do-norte\" target=\"_blank\" rel=\"noopener\">Rio Grande do Norte<\/a><br \/>\n<a href=\"https:\/\/agenciabrasil.ebc.com.br\/economia\/noticia\/2023-01\/ipva-veja-o-calendario-de-pagamento-no-rio-grande-do-sul\" target=\"_blank\" rel=\"noopener\">Rio Grande do Sul<\/a><br \/>\n<a href=\"https:\/\/agenciabrasil.ebc.com.br\/economia\/noticia\/2023-01\/ipva-confira-o-calendario-de-pagamento-em-rondonia\" target=\"_blank\" rel=\"noopener\">Rond\u00f4nia<\/a><br \/>\n<a href=\"https:\/\/agenciabrasil.ebc.com.br\/economia\/noticia\/2023-01\/ipva-confira-o-calendario-de-pagamento-em-roraima\" target=\"_blank\" rel=\"noopener\">Roraima<\/a><br \/>\n<a href=\"https:\/\/agenciabrasil.ebc.com.br\/economia\/noticia\/2023-01\/ipva-confira-o-calendario-de-pagamento-em-santa-catarina\" target=\"_blank\" rel=\"noopener\">Santa Catarina<\/a><br \/>\n<a href=\"https:\/\/agenciabrasil.ebc.com.br\/geral\/noticia\/2023-01\/ipva-em-sao-paulo-comeca-vencer-amanha\" target=\"_blank\" rel=\"noopener\">S\u00e3o Paulo<\/a><br \/>\n<a href=\"https:\/\/agenciabrasil.ebc.com.br\/economia\/noticia\/2023-01\/ipva-confira-o-calendario-de-pagamento-no-estado-de-sergipe\" target=\"_blank\" rel=\"noopener\">Sergipe<\/a><br \/>\n<a href=\"https:\/\/agenciabrasil.ebc.com.br\/economia\/noticia\/2023-01\/ipva-confira-o-calendario-de-pagamento-no-tocantins\" target=\"_blank\" rel=\"noopener\">Tocantins<\/a><\/p>\n<p style=\"text-align: justify;\">Ag\u00eancia Brasil.<\/p>\n","protected":false},"excerpt":{"rendered":"<p>Em alguns estados, o IPVA em cota \u00fanica pode ser pago com desconto. O m\u00eas de janeiro abre o in\u00edcio de um novo ano e, com ele, os boletos referentes ao pagamento de diferentes taxas e impostos come\u00e7am a aparecer. Entre essas cobran\u00e7as est\u00e1 a do Imposto sobre a Propriedade de Ve\u00edculos Automotores (IPVA). Realizada [&hellip;]<\/p>\n","protected":false},"author":3,"featured_media":27079,"comment_status":"open","ping_status":"open","sticky":false,"template":"","format":"standard","meta":{"footnotes":""},"categories":[13],"tags":[],"class_list":["post-27078","post","type-post","status-publish","format-standard","has-post-thumbnail","hentry","category-outros"],"_links":{"self":[{"href":"https:\/\/jornalcandango.com.br\/index.php?rest_route=\/wp\/v2\/posts\/27078","targetHints":{"allow":["GET"]}}],"collection":[{"href":"https:\/\/jornalcandango.com.br\/index.php?rest_route=\/wp\/v2\/posts"}],"about":[{"href":"https:\/\/jornalcandango.com.br\/index.php?rest_route=\/wp\/v2\/types\/post"}],"author":[{"embeddable":true,"href":"https:\/\/jornalcandango.com.br\/index.php?rest_route=\/wp\/v2\/users\/3"}],"replies":[{"embeddable":true,"href":"https:\/\/jornalcandango.com.br\/index.php?rest_route=%2Fwp%2Fv2%2Fcomments&post=27078"}],"version-history":[{"count":0,"href":"https:\/\/jornalcandango.com.br\/index.php?rest_route=\/wp\/v2\/posts\/27078\/revisions"}],"wp:featuredmedia":[{"embeddable":true,"href":"https:\/\/jornalcandango.com.br\/index.php?rest_route=\/"}],"wp:attachment":[{"href":"https:\/\/jornalcandango.com.br\/index.php?rest_route=%2Fwp%2Fv2%2Fmedia&parent=27078"}],"wp:term":[{"taxonomy":"category","embeddable":true,"href":"https:\/\/jornalcandango.com.br\/index.php?rest_route=%2Fwp%2Fv2%2Fcategories&post=27078"},{"taxonomy":"post_tag","embeddable":true,"href":"https:\/\/jornalcandango.com.br\/index.php?rest_route=%2Fwp%2Fv2%2Ftags&post=27078"}],"curies":[{"name":"wp","href":"https:\/\/api.w.org\/{rel}","templated":true}]}}