{"id":22656,"date":"2020-09-21T10:57:33","date_gmt":"2020-09-21T10:57:33","guid":{"rendered":"https:\/\/p31noticias.com.br\/?p=22656"},"modified":"2020-09-21T10:57:33","modified_gmt":"2020-09-21T10:57:33","slug":"sp-deve-ter-40-milhoes-de-doses-ate-o-fim-do-ano-alem-das-6-milhoes-anunciadas","status":"publish","type":"post","link":"https:\/\/jornalcandango.com.br\/?p=22656","title":{"rendered":"SP deve ter 40 milh\u00f5es de doses at\u00e9 o fim do ano al\u00e9m das 6 milh\u00f5es anunciadas"},"content":{"rendered":"<p style=\"text-align: justify;\">O secret\u00e1rio estadual da Sa\u00fade de S\u00e3o Paulo, Jean Gorinchteyn, afirmou em entrevista \u00e0\u00a0<strong>CNN<\/strong>\u00a0neste domingo (20) que o estado deve ter, at\u00e9 o fim do ano, 40 milh\u00f5es de doses da\u00a0<a href=\"https:\/\/www.cnnbrasil.com.br\/tudo-sobre\/vacina\">vacina<\/a>\u00a0contra o novo coronav\u00edrus al\u00e9m das 6 milh\u00f5es anunciadas para o m\u00eas que vem.<\/p>\n<p style=\"text-align: justify;\">&#8220;Em outubro, receberemos 6 milh\u00f5es de doses. Cinco milh\u00f5es s\u00e3o as doses adquiridas, compradas pelo Butantan, e mais 1 milh\u00e3o que foram doadas pela Sinovac ao estado, ent\u00e3o teremos seis [milh\u00f5es]&#8221;, declarou. Considerando que a imuniza\u00e7\u00e3o requer duas aplica\u00e7\u00f5es, essas doses poder\u00e3o imunizar tr\u00eas milh\u00f5es de pessoas.<\/p>\n<p style=\"text-align: justify;\">Ele acrescentou que, se tudo correr bem nos testes cl\u00ednicos da Coronavac, a vacina\u00e7\u00e3o contra a Covid-19 pode come\u00e7ar j\u00e1 em dezembro deste ano.\u00a0&#8220;\u00c9 muito poss\u00edvel que j\u00e1 estejamos come\u00e7ando a vacina\u00e7\u00e3o em dezembro ou, no mais tardar, em janeiro, dependendo apenas da an\u00e1lise t\u00e9cnica da Anvisa&#8221;, disse.<\/p>\n<p style=\"text-align: justify;\">No entanto, esse cronograma depende do resultado dos\u00a0<a href=\"https:\/\/www.cnnbrasil.com.br\/saude\/2020\/08\/12\/quando-teremos-uma-vacina-eficaz-contra-a-covid-19\">testes cl\u00ednicos<\/a>, cuja fase 3 \u2014a \u00faltima etapa do estudo\u2014 se encerra em 15 de outubro. Gorinchteyn, por\u00e9m, se mostra otimista, e disse que as pesquisas est\u00e3o dentro do cronograma e a imuniza\u00e7\u00e3o tem se mostrado &#8220;muito segura&#8221;.<\/p>\n<p style=\"text-align: justify;\">&#8220;As rea\u00e7\u00f5es adversas s\u00e3o m\u00ednimas, apenas dor no lugar da aplica\u00e7\u00e3o, febre baixa em 5,3% dos casos. \u00c9 uma vacina muito segura&#8221;, afirmou. &#8220;Dados preliminares da fase 2 mostraram tanto a seguran\u00e7a quanto a produ\u00e7\u00e3o de anticorpos. Na primeira dose, 94,2% de prote\u00e7\u00e3o, e, na segunda, chegou a 97%&#8221;.<\/p>\n<p style=\"text-align: justify;\">Ele conta que h\u00e1 uma c\u00e2mara de especialistas analisando quais ser\u00e3o os grupos priorit\u00e1rios a receberem a vacina, mas que acredita que seguir\u00e1 os mesmos moldes da vacina da gripe, que prioriza a popula\u00e7\u00e3o com maior risco de desenvolver formas graves da doen\u00e7a.<\/p>\n<p style=\"text-align: justify;\">&#8220;As an\u00e1lises de c\u00e2maras t\u00e9cnicas que est\u00e3o acontecendo est\u00e3o definindo quais seriam os grupos priorit\u00e1rios, como pacientes portadores de doen\u00e7as cr\u00f4nicas, como diabetes, problemas no cora\u00e7\u00e3o, pulm\u00e3o, pacientes oncol\u00f3gicos, profissionais da sa\u00fade e educa\u00e7\u00e3o, a popula\u00e7\u00e3o que esteja em ambientes de confinamento, como a carcer\u00e1ria, os idosos, gestantes e ind\u00edgenas&#8221;, disse.<\/p>\n<p style=\"text-align: justify;\">A aplica\u00e7\u00e3o no restante da popula\u00e7\u00e3o se daria depois da imuniza\u00e7\u00e3o dessas parcelas, diz. De acordo com a experi\u00eancia da vacina da gripe, o secret\u00e1rio afirmou que seriam necess\u00e1rios ao menos &#8220;dois meses para essa log\u00edstica&#8221;. &#8220;\u00c0 medida que esse grupo tiver bons \u00edndices de vacina\u00e7\u00e3o, outros grupos ser\u00e3o escolhidos e contemplados nesse sistema de imuniza\u00e7\u00e3o, dentro do programa nacional de imuniza\u00e7\u00e3o do Sistema \u00danico de Sa\u00fade&#8221;, explicou.<\/p>\n<p style=\"text-align: justify;\">Gorintchteyn repetiu que as doses n\u00e3o ficar\u00e3o restritas aos residentes do estado de S\u00e3o Paulo e que ser\u00e3o distribu\u00eddas por meio do SUS, mas torce para que outras iniciativas tamb\u00e9m sejam aprovadas.<\/p>\n<p style=\"text-align: justify;\">&#8220;Precisamos de vacinas, n\u00e3o de uma [vacina]. Quanto mais tivermos, mais brasileiros poder\u00e3o tomar e mais vidas ser\u00e3o preservadas&#8221;.<\/p>\n<p>Fonte\u00a0 CNN<\/p>\n","protected":false},"excerpt":{"rendered":"<p>O secret\u00e1rio estadual da Sa\u00fade de S\u00e3o Paulo, Jean Gorinchteyn, afirmou em entrevista \u00e0\u00a0CNN\u00a0neste domingo (20) que o estado deve ter, at\u00e9 o fim do ano, 40 milh\u00f5es de doses da\u00a0vacina\u00a0contra o novo coronav\u00edrus al\u00e9m das 6 milh\u00f5es anunciadas para o m\u00eas que vem. &#8220;Em outubro, receberemos 6 milh\u00f5es de doses. Cinco milh\u00f5es s\u00e3o as [&hellip;]<\/p>\n","protected":false},"author":3,"featured_media":22657,"comment_status":"open","ping_status":"open","sticky":false,"template":"","format":"standard","meta":{"footnotes":""},"categories":[13],"tags":[],"class_list":["post-22656","post","type-post","status-publish","format-standard","has-post-thumbnail","hentry","category-outros"],"_links":{"self":[{"href":"https:\/\/jornalcandango.com.br\/index.php?rest_route=\/wp\/v2\/posts\/22656","targetHints":{"allow":["GET"]}}],"collection":[{"href":"https:\/\/jornalcandango.com.br\/index.php?rest_route=\/wp\/v2\/posts"}],"about":[{"href":"https:\/\/jornalcandango.com.br\/index.php?rest_route=\/wp\/v2\/types\/post"}],"author":[{"embeddable":true,"href":"https:\/\/jornalcandango.com.br\/index.php?rest_route=\/wp\/v2\/users\/3"}],"replies":[{"embeddable":true,"href":"https:\/\/jornalcandango.com.br\/index.php?rest_route=%2Fwp%2Fv2%2Fcomments&post=22656"}],"version-history":[{"count":0,"href":"https:\/\/jornalcandango.com.br\/index.php?rest_route=\/wp\/v2\/posts\/22656\/revisions"}],"wp:featuredmedia":[{"embeddable":true,"href":"https:\/\/jornalcandango.com.br\/index.php?rest_route=\/"}],"wp:attachment":[{"href":"https:\/\/jornalcandango.com.br\/index.php?rest_route=%2Fwp%2Fv2%2Fmedia&parent=22656"}],"wp:term":[{"taxonomy":"category","embeddable":true,"href":"https:\/\/jornalcandango.com.br\/index.php?rest_route=%2Fwp%2Fv2%2Fcategories&post=22656"},{"taxonomy":"post_tag","embeddable":true,"href":"https:\/\/jornalcandango.com.br\/index.php?rest_route=%2Fwp%2Fv2%2Ftags&post=22656"}],"curies":[{"name":"wp","href":"https:\/\/api.w.org\/{rel}","templated":true}]}}