{"id":22647,"date":"2020-09-16T22:56:07","date_gmt":"2020-09-16T22:56:07","guid":{"rendered":"https:\/\/p31noticias.com.br\/?p=22647"},"modified":"2020-09-16T22:56:07","modified_gmt":"2020-09-16T22:56:07","slug":"eduardo-pazuello-toma-posse-como-ministro-efetivo-da-saude","status":"publish","type":"post","link":"https:\/\/jornalcandango.com.br\/?p=22647","title":{"rendered":"Eduardo Pazuello toma posse como ministro efetivo da Sa\u00fade"},"content":{"rendered":"<p>&nbsp;<\/p>\n<h1 class=\"light\" style=\"text-align: justify;\"><strong><em>Efetivado no Minist\u00e9rio da Sa\u00fade, Eduardo Pazuello quer mais proximidade com a popula\u00e7\u00e3o<\/em><\/strong><\/h1>\n<p style=\"text-align: justify;\">O general\u00a0<a href=\"https:\/\/www.cnnbrasil.com.br\/politica\/2020\/09\/15\/quem-e-eduardo-pazuello-que-sera-efetivado-como-ministro-da-saude\">Eduardo Pazuello<\/a>\u00a0foi empossado oficialmente nesta quarta-feira (16) como ministro de estado da Sa\u00fade ap\u00f3s quase quatro meses de interinidade no cargo.<\/p>\n<p style=\"text-align: justify;\">O termo de posse foi assinado por Pazuello e pelo presidente Jair Bolsonaro (sem partido) durante cerim\u00f4nia em Bras\u00edlia.<\/p>\n<div class=\"cnnTeads\" style=\"text-align: justify;\"><\/div>\n<p style=\"text-align: justify;\">Eduardo Pazuello \u00e9 o terceiro ministro da Sa\u00fade efetivo desde o in\u00edcio do governo Bolsonaro. Antes, a pasta foi dirigida por Luiz Henrique Mandetta entre janeiro de 2019 e abril de 2020 e por Nelson Teich durante um m\u00eas, entre abril e maio deste ano.<\/p>\n<p style=\"text-align: justify;\">Em discurso, o ministro da Sa\u00fade afirmou que nesses quatro meses de gest\u00e3o interina ele teve que &#8220;trocar o pneu com o carro andando&#8221;. Eduardo Pazuello elogiou o corpo t\u00e9cnico do Minist\u00e9rio da Sa\u00fade e do SUS e acenou com elogios aos conselhos dos secret\u00e1rios estaduais (Conass) e municipais (Conasems) de sa\u00fade.<\/p>\n<p style=\"text-align: justify;\">Ele enfatizou a atua\u00e7\u00e3o do governo federal na conten\u00e7\u00e3o da doen\u00e7a, que j\u00e1 estaria em queda no Norte e Nordeste, tend\u00eancia que come\u00e7aria a ser replicada no Centro-Sul do pa\u00eds. Segundo Pazuello, o pa\u00eds teve sucesso ao adotar o tratamento precoce.<\/p>\n<p>Fonte :CNN<\/p>\n<p>Foto: Marcos Corr\u00eaa<\/p>\n","protected":false},"excerpt":{"rendered":"<p>&nbsp; Efetivado no Minist\u00e9rio da Sa\u00fade, Eduardo Pazuello quer mais proximidade com a popula\u00e7\u00e3o O general\u00a0Eduardo Pazuello\u00a0foi empossado oficialmente nesta quarta-feira (16) como ministro de estado da Sa\u00fade ap\u00f3s quase quatro meses de interinidade no cargo. O termo de posse foi assinado por Pazuello e pelo presidente Jair Bolsonaro (sem partido) durante cerim\u00f4nia em Bras\u00edlia. [&hellip;]<\/p>\n","protected":false},"author":3,"featured_media":22648,"comment_status":"open","ping_status":"open","sticky":false,"template":"","format":"standard","meta":{"footnotes":""},"categories":[15],"tags":[],"class_list":["post-22647","post","type-post","status-publish","format-standard","has-post-thumbnail","hentry","category-brasil"],"_links":{"self":[{"href":"https:\/\/jornalcandango.com.br\/index.php?rest_route=\/wp\/v2\/posts\/22647","targetHints":{"allow":["GET"]}}],"collection":[{"href":"https:\/\/jornalcandango.com.br\/index.php?rest_route=\/wp\/v2\/posts"}],"about":[{"href":"https:\/\/jornalcandango.com.br\/index.php?rest_route=\/wp\/v2\/types\/post"}],"author":[{"embeddable":true,"href":"https:\/\/jornalcandango.com.br\/index.php?rest_route=\/wp\/v2\/users\/3"}],"replies":[{"embeddable":true,"href":"https:\/\/jornalcandango.com.br\/index.php?rest_route=%2Fwp%2Fv2%2Fcomments&post=22647"}],"version-history":[{"count":0,"href":"https:\/\/jornalcandango.com.br\/index.php?rest_route=\/wp\/v2\/posts\/22647\/revisions"}],"wp:featuredmedia":[{"embeddable":true,"href":"https:\/\/jornalcandango.com.br\/index.php?rest_route=\/"}],"wp:attachment":[{"href":"https:\/\/jornalcandango.com.br\/index.php?rest_route=%2Fwp%2Fv2%2Fmedia&parent=22647"}],"wp:term":[{"taxonomy":"category","embeddable":true,"href":"https:\/\/jornalcandango.com.br\/index.php?rest_route=%2Fwp%2Fv2%2Fcategories&post=22647"},{"taxonomy":"post_tag","embeddable":true,"href":"https:\/\/jornalcandango.com.br\/index.php?rest_route=%2Fwp%2Fv2%2Ftags&post=22647"}],"curies":[{"name":"wp","href":"https:\/\/api.w.org\/{rel}","templated":true}]}}