{"id":22643,"date":"2020-09-09T02:05:50","date_gmt":"2020-09-09T02:05:50","guid":{"rendered":"https:\/\/p31noticias.com.br\/?p=22643"},"modified":"2020-09-09T02:05:50","modified_gmt":"2020-09-09T02:05:50","slug":"governador-ibaneis-rocha-testa-positivo-para-covid-19","status":"publish","type":"post","link":"https:\/\/jornalcandango.com.br\/?p=22643","title":{"rendered":"Governador Ibaneis Rocha testa positivo para Covid-19"},"content":{"rendered":"<p><em><strong>Governador passa bem e segue despachando normalmente de casa.<\/strong><\/em><\/p>\n<p><em>Nesta ter\u00e7a-feira (8), o governador\u00a0<a href=\"https:\/\/www.agenciabrasilia.df.gov.br\/topicos\/ibaneis-rocha\/\" target=\"_blank\" rel=\"noopener noreferrer\"><strong>Ibaneis Rocha<\/strong><\/a>\u00a0foi diagnosticado com\u00a0<a href=\"https:\/\/www.agenciabrasilia.df.gov.br\/topicos\/covid-19\/\" target=\"_blank\" rel=\"noopener noreferrer\"><strong>Covid-19<\/strong><\/a>, ap\u00f3s apresentar coriza e tosse, alguns dos sintomas associados \u00e0 doen\u00e7a, durante a madrugada.<\/em><\/p>\n<p><em>Em companhia de um amigo que testou positivo, o governador fez o teste hoje mais cedo e recebeu o resultado positivo. Amanh\u00e3, quarta-feira (9), ele passar\u00e1 por uma bateria de exames.<\/em><\/p>\n<p><em>O governador passa bem e segue despachando normalmente de casa.<\/em><\/p>\n<section class=\"single__conteudo--galeria-de-fotos margin40\"><\/section>\n<div class=\"single__conteudo--tags text-uppercase\">Ag\u00eancia Brasilia<\/div>\n","protected":false},"excerpt":{"rendered":"<p>Governador passa bem e segue despachando normalmente de casa. Nesta ter\u00e7a-feira (8), o governador\u00a0Ibaneis Rocha\u00a0foi diagnosticado com\u00a0Covid-19, ap\u00f3s apresentar coriza e tosse, alguns dos sintomas associados \u00e0 doen\u00e7a, durante a madrugada. Em companhia de um amigo que testou positivo, o governador fez o teste hoje mais cedo e recebeu o resultado positivo. Amanh\u00e3, quarta-feira (9), [&hellip;]<\/p>\n","protected":false},"author":3,"featured_media":22644,"comment_status":"open","ping_status":"open","sticky":false,"template":"","format":"standard","meta":{"footnotes":""},"categories":[13],"tags":[],"class_list":["post-22643","post","type-post","status-publish","format-standard","has-post-thumbnail","hentry","category-outros"],"_links":{"self":[{"href":"https:\/\/jornalcandango.com.br\/index.php?rest_route=\/wp\/v2\/posts\/22643","targetHints":{"allow":["GET"]}}],"collection":[{"href":"https:\/\/jornalcandango.com.br\/index.php?rest_route=\/wp\/v2\/posts"}],"about":[{"href":"https:\/\/jornalcandango.com.br\/index.php?rest_route=\/wp\/v2\/types\/post"}],"author":[{"embeddable":true,"href":"https:\/\/jornalcandango.com.br\/index.php?rest_route=\/wp\/v2\/users\/3"}],"replies":[{"embeddable":true,"href":"https:\/\/jornalcandango.com.br\/index.php?rest_route=%2Fwp%2Fv2%2Fcomments&post=22643"}],"version-history":[{"count":0,"href":"https:\/\/jornalcandango.com.br\/index.php?rest_route=\/wp\/v2\/posts\/22643\/revisions"}],"wp:featuredmedia":[{"embeddable":true,"href":"https:\/\/jornalcandango.com.br\/index.php?rest_route=\/"}],"wp:attachment":[{"href":"https:\/\/jornalcandango.com.br\/index.php?rest_route=%2Fwp%2Fv2%2Fmedia&parent=22643"}],"wp:term":[{"taxonomy":"category","embeddable":true,"href":"https:\/\/jornalcandango.com.br\/index.php?rest_route=%2Fwp%2Fv2%2Fcategories&post=22643"},{"taxonomy":"post_tag","embeddable":true,"href":"https:\/\/jornalcandango.com.br\/index.php?rest_route=%2Fwp%2Fv2%2Ftags&post=22643"}],"curies":[{"name":"wp","href":"https:\/\/api.w.org\/{rel}","templated":true}]}}