{"id":22595,"date":"2020-08-19T12:57:03","date_gmt":"2020-08-19T12:57:03","guid":{"rendered":"https:\/\/p31noticias.com.br\/?p=22595"},"modified":"2020-08-19T12:57:03","modified_gmt":"2020-08-19T12:57:03","slug":"mais-35-mil-metros-quadrados-de-calcadas-em-taguatinga","status":"publish","type":"post","link":"https:\/\/jornalcandango.com.br\/?p=22595","title":{"rendered":"Mais 3,5 mil metros quadrados de cal\u00e7adas em Taguatinga"},"content":{"rendered":"<p dir=\"ltr\" style=\"text-align: justify;\">A popula\u00e7\u00e3o de Taguatinga est\u00e1 prestes a ter mais 3,5 mil metros quadrados de cal\u00e7ada novinha. Ela fica sob a sombra das \u00e1rvores da M Norte e vai dar seguran\u00e7a e qualidade de vida para a comunidade.<\/p>\n<p dir=\"ltr\" style=\"text-align: justify;\">At\u00e9 ent\u00e3o, pedestres precisavam percorrer um canteiro gramado e ciclistas tinham que dividir espa\u00e7o com os carros na pista. Neste ano, foi pago quase R$ 1,3 milh\u00e3o para constru\u00e7\u00e3o de 14 mil metros quadrados pela cidade.<\/p>\n<p dir=\"ltr\" style=\"text-align: justify;\">Quando conclu\u00edda, a cal\u00e7ada vai ligar a Avenida H\u00e9lio Prates a um condom\u00ednio residencial com cinco mil moradores pela principal avenida da M Norte, com acesso \u00e0 Unidade B\u00e1sica de Sa\u00fade (UBS) n\u00ba 7 de Taguatinga. O passeio fica na lateral do Cemit\u00e9rio S\u00e3o Francisco de Assis. A obra, executada pela Companhia Urbanizadora da Nova Capital (Novacap), come\u00e7ou no 10\u00ba dia de agosto e gera 40 empregos diretos e indiretos.<\/p>\n<p dir=\"ltr\" style=\"text-align: justify;\">\u201cEsse setor \u00e9 um polo de desenvolvimento econ\u00f4mico, tem um tr\u00e1fego grande e a popula\u00e7\u00e3o que anda ali, a p\u00e9, n\u00e3o tinha cal\u00e7ada. Nossa inten\u00e7\u00e3o \u00e9 que as pessoas tenham mais sa\u00fade, fa\u00e7am caminhadas e exerc\u00edcios f\u00edsicos, e tenham seguran\u00e7a ao caminhar\u201d, afirma o administrador regional de Taguatinga, Geraldo C\u00e9sar. \u201cA constru\u00e7\u00e3o de cal\u00e7adas \u00e9 um projeto do GDF para todas as cidades e tem deixado legado para a popula\u00e7\u00e3o.\u201d<\/p>\n<p dir=\"ltr\" style=\"text-align: justify;\"><strong>Legado para a popula\u00e7\u00e3o<\/strong><\/p>\n<p dir=\"ltr\" style=\"text-align: justify;\">Morador do local h\u00e1 cinco anos, o t\u00e9cnico em eletr\u00f4nica Valdo Dias conta que o movimento naquele trecho \u00e9 grande, especialmente no in\u00edcio da manh\u00e3 e fim da tarde. \u201cAntes as pessoas passavam pela grama mesmo, e acabou criando uma trilha. Agora temos um grande cal\u00e7ad\u00e3o que vai facilitar muito a vida de todo mundo\u201d, diz.<\/p>\n<p dir=\"ltr\" style=\"text-align: justify;\">Para ele, a benfeitoria tamb\u00e9m vai promover qualidade de vida, com possibilidade de passear, fazer caminhadas e corridas, andar de bicicleta e patins. \u201cA cal\u00e7ada ficou muito bonita, parece que mediram direitinho para a cal\u00e7ada passar pelo meio das \u00e1rvores. Est\u00e1 uma maravilha\u201d, valoriza.<\/p>\n<p dir=\"ltr\" style=\"text-align: justify;\">Foi exatamente assim, aponta o administrador regional de Taguatinga, Geraldo Cesar. \u201cDesenvolvemos o projeto de forma que o cal\u00e7ad\u00e3o ficasse na sombra, entre as \u00e1rvores. \u00c9 uma cal\u00e7ada. \u00c9 algo diferenciado para aquele setor que tem grande movimenta\u00e7\u00e3o de pessoas, com duas grandes empresas na redondeza\u201d, explica.<\/p>\n<p dir=\"ltr\" style=\"text-align: justify;\">A instala\u00e7\u00e3o tamb\u00e9m promove seguran\u00e7a. O lavador de carros Naldo Lima, 23 anos, usa bicicleta para se locomover. \u201cEu sempre tive que dividir espa\u00e7o com os carros no meio da rua. Ter essa cal\u00e7ada \u00e9 \u00f3timo para todos n\u00f3s porque \u00e9 mais seguro. Andar pela pista \u00e9 muito perigoso, tem risco de ser atropelado\u201d, afirma.<\/p>\n<p dir=\"ltr\" style=\"text-align: justify;\"><strong>Circuito de cal\u00e7adas\u00a0<\/strong><\/p>\n<p dir=\"ltr\" style=\"text-align: justify;\">Os trabalhos fazem parte de um circuito de cal\u00e7adas que j\u00e1 passaram ou v\u00e3o passar por recupera\u00e7\u00e3o ou constru\u00e7\u00e3o, em processo iniciado em agosto do ano passado. O projeto \u00e9 interligar os passeios de uma regi\u00e3o \u00e0 outra dentro da cidade. Esta, pr\u00f3xima ao cemit\u00e9rio, chegar\u00e1 \u00e0 inaugurada na QNL, que, por sua vez, ir\u00e1 at\u00e9 \u00e0 \u00e1rea pr\u00f3xima ao Parque Saburo Onoyama.<\/p>\n<p dir=\"ltr\" style=\"text-align: justify;\">Tamb\u00e9m s\u00e3o beneficiados passeios das avenidas Samdu Norte e Elmo Serejo, a cal\u00e7ada que vai da frente do Detran de Taguatinga at\u00e9 a Delegacia da Crian\u00e7a e do Adolescente II, da Super Adega ao Parque Saburo Onoyama e a passarela do campo de futebol do Setor C Norte.<\/p>\n<p dir=\"ltr\" style=\"text-align: justify;\"><strong>Oito contratos no DF\u00a0<\/strong><\/p>\n<p dir=\"ltr\" style=\"text-align: justify;\">Diretor da Divis\u00e3o de Obras da Novacap, Pablo Alcides Xavier aponta que de janeiro a julho deste ano, foram constru\u00eddos ou reformados 124.443,73 metros quadrados de cal\u00e7adas, com R$ 10.939.364,99 empenhados, executados e pagos \u00e0s empresas terceirizadas que executaram os servi\u00e7os.<\/p>\n<p dir=\"ltr\" style=\"text-align: justify;\">Atualmente, h\u00e1 oito contratos vigentes para execu\u00e7\u00e3o e reformas de cal\u00e7adas. Al\u00e9m de Taguatinga, eles abrangem Plano Piloto, Brazl\u00e2ndia, Ceil\u00e2ndia, Samambaia, Recanto das Emas, Gama, Santa Maria, Guar\u00e1, Planaltina e Sobradinho. Juntos, eles somam 320 empregos diretos e indiretos.<\/p>\n<p dir=\"ltr\" style=\"text-align: justify;\">Neste ano, foram conclu\u00eddos seis contratos em \u00c1guas Claras, Park Way, Sobradinho, Sobradinho II, Fercal, Estrutural, Candangol\u00e2ndia, Guar\u00e1, Octogonal, Cruzeiro, Sudoeste, S\u00e3o Sebasti\u00e3o e Santa Maria. As novas cal\u00e7adas seguem um padr\u00e3o criado pela Secretaria de Desenvolvimento Urbano e Habita\u00e7\u00e3o (Seduh): largura de dois metros e espessura entre seis e oito cent\u00edmetros, conforme determina\u00e7\u00f5es da Associa\u00e7\u00e3o Brasileira de Normas T\u00e9cnicas (ABNT).<\/p>\n<p dir=\"ltr\" style=\"text-align: justify;\"><strong>Acessibilidade no SIA\u00a0<\/strong><\/p>\n<p dir=\"ltr\" style=\"text-align: justify;\">De mudan\u00e7a para outra sede, o Instituto Cultural Educacional e Profissionalizante de Pessoas com Defici\u00eancia do Brasil (Icep) pediu ajuda \u00e0 Administra\u00e7\u00e3o Regional do Setor de Ind\u00fastria e Abastecimento (SIA).<\/p>\n<p dir=\"ltr\" style=\"text-align: justify;\">\u201cA cal\u00e7ada estava toda quebrada. Com cadeira de rodas, era imposs\u00edvel parar. Eles repararam o local, bem na frente do pr\u00e9dio\u201d, conta Marcelo Bezerra, presidente da entidade.<\/p>\n<p dir=\"ltr\" style=\"text-align: justify;\">Ele mesmo fez a solicita\u00e7\u00e3o de reparo e diz que a execu\u00e7\u00e3o foi r\u00e1pida. O trecho, apesar de pequeno, \u00e9 representativo. \u201cPode parecer que no SIA n\u00e3o transite muitas pessoas com defici\u00eancia, cadeirantes, deficientes visuais, mas tem muito. Temos muitos obst\u00e1culos nos passeios, ent\u00e3o \u00e0s vezes ando na rua mesmo\u201d, aponta.<\/p>\n<p dir=\"ltr\" style=\"text-align: justify;\">O presidente do instituto afirma que, al\u00e9m das interven\u00e7\u00f5es urban\u00edsticas, \u00e9 preciso ter educa\u00e7\u00e3o das pessoas, j\u00e1 que n\u00e3o \u00e9 raro o bloqueio de rampas de acessos por ve\u00edculos. A ideia da Administra\u00e7\u00e3o Regional do SIA \u00e9 levar acessibilidade para todo o setor.<\/p>\n<p dir=\"ltr\" style=\"text-align: justify;\">O \u00f3rg\u00e3o trabalha em um grande projeto. Inicialmente, dois pontos de mais movimento foram mapeados para receber as benfeitorias \u2014 pr\u00f3ximo ao Icep\u00a0 e \u00e0 Feira dos Importados. Em tratativas com \u00f3rg\u00e3os do GDF, a iniciativa prev\u00ea dar mobilidade e qualidade de vida a todos.<\/p>\n<p dir=\"ltr\" style=\"text-align: justify;\">Gestora da cidade, Luana Machado coloca como prioridade a recupera\u00e7\u00e3o das cal\u00e7adas e a implanta\u00e7\u00e3o de acessibilidade. \u201cOlhando para a pessoa que tem necessidade especial de locomo\u00e7\u00e3o, atendemos toda a popula\u00e7\u00e3o. \u00c9 investir em qualidade para conseguir andar e evitar acidentes\u201d, diz.<\/p>\n<p dir=\"ltr\" style=\"text-align: justify;\">Fonte : Ag\u00eancia Brasilia<img fetchpriority=\"high\" decoding=\"async\" class=\"alignnone size-medium wp-image-22600\" src=\"https:\/\/p31noticias.com.br\/wp-content\/uploads\/2020\/08\/WhatsApp-Image-2020-08-18-at-14.26.46-1-640x427-1-300x200.jpeg\" alt=\"\" width=\"300\" height=\"200\" \/><\/p>\n","protected":false},"excerpt":{"rendered":"<p>A popula\u00e7\u00e3o de Taguatinga est\u00e1 prestes a ter mais 3,5 mil metros quadrados de cal\u00e7ada novinha. Ela fica sob a sombra das \u00e1rvores da M Norte e vai dar seguran\u00e7a e qualidade de vida para a comunidade. At\u00e9 ent\u00e3o, pedestres precisavam percorrer um canteiro gramado e ciclistas tinham que dividir espa\u00e7o com os carros na [&hellip;]<\/p>\n","protected":false},"author":3,"featured_media":22598,"comment_status":"open","ping_status":"open","sticky":false,"template":"","format":"standard","meta":{"footnotes":""},"categories":[13],"tags":[],"class_list":["post-22595","post","type-post","status-publish","format-standard","has-post-thumbnail","hentry","category-outros"],"_links":{"self":[{"href":"https:\/\/jornalcandango.com.br\/index.php?rest_route=\/wp\/v2\/posts\/22595","targetHints":{"allow":["GET"]}}],"collection":[{"href":"https:\/\/jornalcandango.com.br\/index.php?rest_route=\/wp\/v2\/posts"}],"about":[{"href":"https:\/\/jornalcandango.com.br\/index.php?rest_route=\/wp\/v2\/types\/post"}],"author":[{"embeddable":true,"href":"https:\/\/jornalcandango.com.br\/index.php?rest_route=\/wp\/v2\/users\/3"}],"replies":[{"embeddable":true,"href":"https:\/\/jornalcandango.com.br\/index.php?rest_route=%2Fwp%2Fv2%2Fcomments&post=22595"}],"version-history":[{"count":0,"href":"https:\/\/jornalcandango.com.br\/index.php?rest_route=\/wp\/v2\/posts\/22595\/revisions"}],"wp:featuredmedia":[{"embeddable":true,"href":"https:\/\/jornalcandango.com.br\/index.php?rest_route=\/"}],"wp:attachment":[{"href":"https:\/\/jornalcandango.com.br\/index.php?rest_route=%2Fwp%2Fv2%2Fmedia&parent=22595"}],"wp:term":[{"taxonomy":"category","embeddable":true,"href":"https:\/\/jornalcandango.com.br\/index.php?rest_route=%2Fwp%2Fv2%2Fcategories&post=22595"},{"taxonomy":"post_tag","embeddable":true,"href":"https:\/\/jornalcandango.com.br\/index.php?rest_route=%2Fwp%2Fv2%2Ftags&post=22595"}],"curies":[{"name":"wp","href":"https:\/\/api.w.org\/{rel}","templated":true}]}}