{"id":22447,"date":"2020-06-20T15:55:36","date_gmt":"2020-06-20T18:55:36","guid":{"rendered":"https:\/\/jornaldoplanalto.com.br\/web\/?p=22320"},"modified":"2020-06-20T15:55:36","modified_gmt":"2020-06-20T18:55:36","slug":"plano-safra-destina-r-33-bilhoes-a-agricultura-familiar-e-reduz-taxa-de-juros","status":"publish","type":"post","link":"https:\/\/jornalcandango.com.br\/?p=22447","title":{"rendered":"Plano Safra destina R$ 33 bilh\u00f5es \u00e0 agricultura familiar e reduz taxa de juros"},"content":{"rendered":"<p>O Programa Nacional da Agricultura Familiar (Pronaf) ter\u00e1 dispon\u00edvel R$ 33 bilh\u00f5es para financiar a produ\u00e7\u00e3o de pequenos agricultores na safra 2020\/2021 e redu\u00e7\u00e3o na taxa de juros. O an\u00fancio foi feito no lan\u00e7amento do Plano Safra pelo Minist\u00e9rio da Agricultura, no dia 17\/06. No total, o governo vai disponibilizar R$ 236,3 bilh\u00f5es em cr\u00e9dito rural, um aumento de 6% em rela\u00e7\u00e3o \u00e0 safra anterior.<\/p>\n<p>A redu\u00e7\u00e3o de juros vai variar de 1 a 2 pontos percentuais dependendo da linha de cr\u00e9dito. As taxas do Pronaf, por exemplo, foram reduzidas dos atuais 3% e 4,6% ao ano para 2,75% (para custeio) e 4% ao ano (para investimentos).<\/p>\n<p>Segundo o gerente de Desenvolvimento Econ\u00f4mico da Emater-DF, Igor Alves, o Plano Safra 2020\/2021 trouxe uma sinaliza\u00e7\u00e3o positiva a toda a cadeia agropecu\u00e1ria. \u201cEsse crescimento dos valores disponibilizados \u00e9 interessante para os produtores rurais\u201d, disse.<\/p>\n<p>O principal requisito para acessar as linhas de cr\u00e9dito do Pronaf \u00e9 possuir a Declara\u00e7\u00e3o de Aptid\u00e3o ao Pronaf (DAP). \u201cA DAP comprova que o produtor se encaixa nos crit\u00e9rios de agricultor familiar, como tamanho da \u00e1rea e renda anual da propriedade rural\u201d, explica Alves.<\/p>\n<p>Quem possui DAP vai acessar o Pronaf a partir dos bancos p\u00fablicos. No Distrito Federal, as linhas de cr\u00e9dito s\u00e3o disponibilizadas pelo Banco de Bras\u00edlia (BRB), Banco do Brasil (BB) e cooperativa de cr\u00e9dito (Sicoob).<\/p>\n<p>Quem se encaixa nos crit\u00e9rios de agricultor familiar, mas ainda n\u00e3o possui a DAP, pode procurar a Emater-DF mais pr\u00f3xima de sua propriedade rural. \u00c9 tamb\u00e9m no escrit\u00f3rio dessa Emater-DF local que o produtor rural receber\u00e1 a orienta\u00e7\u00e3o adequada para ter acesso \u00e0s linhas de cr\u00e9dito do Pronaf, apresentadas no Plano Safra 2020\/2021.<\/p>\n<p>\u201cO extensionista rural que acompanha aquela propriedade vai avaliar diversas quest\u00f5es para elaborar o projeto t\u00e9cnico de viabilidade econ\u00f4mica para aquela atividade\u201d, explica Igor Alves.<\/p>\n<p>\u201cS\u00e3o observadas quest\u00f5es como adequa\u00e7\u00e3o ambiental, qual o tipo de atividade, qual o volume de produ\u00e7\u00e3o para adequar o financiamento \u00e0 realidade do produtor e, por vezes, at\u00e9 ajudar a decidir qual o melhor lugar para investir na propriedade\u201d, completa.<\/p>\n<p>Alves lembra que trata-se de um financiamento banc\u00e1rio, portanto o banco analisar\u00e1 a capacidade de pagamento e, caso haja restri\u00e7\u00f5es no cadastro de pessoa f\u00edsica do agricultor (CPF), o Pronaf n\u00e3o \u00e9 liberado, bem como na aus\u00eancia de garantias.<\/p>\n<p><strong><a href=\"https:\/\/jornaldoplanalto.com.br\/web\/wp-content\/uploads\/2020\/06\/DF_Rural_Plano_Safra.jpg\"><img fetchpriority=\"high\" decoding=\"async\" class=\"alignnone size-full wp-image-22322\" src=\"https:\/\/jornaldoplanalto.com.br\/web\/wp-content\/uploads\/2020\/06\/DF_Rural_Plano_Safra.jpg\" alt=\"\" width=\"751\" height=\"419\" \/><\/a><\/strong><\/p>\n<p><strong>Plano Safra 2020\/2021<\/strong><\/p>\n<p>Ao total, o foram Plano Safra 2020\/2021 disponibilizou R$ 236,3 bilh\u00f5es em cr\u00e9dito rural. Foram R$ 33 bilh\u00f5es para a agricultura familiar (Pronaf), R$ 33,2 bilh\u00f5es para os m\u00e9dios produtores (Pronamp) e R$ 170,17 bilh\u00f5es para os demais produtores rurais.<\/p>\n<p>Em rela\u00e7\u00e3o \u00e0 taxa de juros para custeio, al\u00e9m da redu\u00e7\u00e3o para o Pronaf, o Programa Nacional de Apoio ao M\u00e9dio Produtor\u00a0 (Pronamp) teve redu\u00e7\u00e3o de 6% para 5% nos juros e os demais produtores \u2013 que n\u00e3o est\u00e3o em nenhuma das duas categorias \u2013 tiveram redu\u00e7\u00e3o de 8% para 6%.<\/p>\n<p>O Pronamp recebeu ainda o maior aumento percentual no volume de recursos destinados em rela\u00e7\u00e3o ao plano passado. Com a destina\u00e7\u00e3o de R$ 33,2 bilh\u00f5es contra os R$ 26 bilh\u00f5es do ano anterior, o aumento chegou a 25%.<\/p>\n<p>Al\u00e9m disso, o Plano Safra aumentou o or\u00e7amento do Programa de Seguro Rural, alcan\u00e7ando o recorde de R$ 1,3 bilh\u00e3o destinados.<\/p>\n<p>_______________________________________________<\/p>\n<p>Emater-DF faz orienta\u00e7\u00f5es contra o coronav\u00edrus e entrega m\u00e1scaras a idosos em \u00e1rea rural<\/p>\n<figure id=\"attachment_22323\" aria-describedby=\"caption-attachment-22323\" style=\"width: 750px\" class=\"wp-caption alignnone\"><a href=\"https:\/\/jornaldoplanalto.com.br\/web\/wp-content\/uploads\/2020\/06\/DF_Rural_coronavirus.jpg\"><img decoding=\"async\" class=\"wp-image-22323 size-full\" src=\"https:\/\/jornaldoplanalto.com.br\/web\/wp-content\/uploads\/2020\/06\/DF_Rural_coronavirus.jpg\" alt=\"\" width=\"750\" height=\"420\" \/><\/a><figcaption id=\"caption-attachment-22323\" class=\"wp-caption-text\">Luzinete recebeu o Kit de horta dom\u00e9stica por ter participado de curso oferecido pela Emater no Gama<\/figcaption><\/figure>\n<p>Para proteger os idosos de \u00e1reas rurais do Distrito Federal, a Emater-DF iniciou uma campanha de entrega de m\u00e1scaras no campo e orienta\u00e7\u00f5es sobre cuidados essenciais durante a pandemia. A meta \u00e9 entregar aproximadamente 3,5 mil m\u00e1scaras e atingir pessoas que residam no campo e que representam grupo de risco. A confec\u00e7\u00e3o das m\u00e1scaras foi realizada pela F\u00e1brica Social, parceira da Emater na campanha.<\/p>\n<p>No dia 15\/06 a entrega come\u00e7ou a ser realizada no Gama. Na \u00e1rea rural da regi\u00e3o administrativa, mais de 200 fam\u00edlias receberam as m\u00e1scaras. O escrit\u00f3rio atende toda a regi\u00e3o administrativa do Gama, Recanto das Emas e Santa Maria. \u201cAs pessoas s\u00e3o nosso bem maior e estamos aqui representando o Governo do Distrito Federal com orienta\u00e7\u00f5es para que nossos idosos do campo se cuidem e se protejam\u201d, destacou a presidente da Emater-DF, Denise Fonseca.<\/p>\n<p>Ao lado dos gerentes da Emater do Gama Kleiton Rodrigues Aquiles, e da Regional Oeste, Pedro Ivo Braga, a presidente da empresa realizou entregas em propriedades no N\u00facleo Recanto dos Buritis. Com m\u00e1scaras e mantendo o distanciamento necess\u00e1rio, orienta\u00e7\u00f5es como o modo de lavar a m\u00e1scara, os cuidados com o seu uso e manuseio e orienta\u00e7\u00f5es de higiene pessoal foram repassados aos produtores.<\/p>\n<p>\u201cDurante as visitas, estamos fazendo orienta\u00e7\u00f5es b\u00e1sicas sobre o uso de m\u00e1scaras, a import\u00e2ncia de usar, a forma certa de manusear e tamb\u00e9m orienta\u00e7\u00f5es de higiene pessoal. Aos poucos eles v\u00e3o se conscientizando\u201d, ressaltou o gerente do escrit\u00f3rio local da Emater.<\/p>\n<p>Na ocasi\u00e3o, a presidente da Emater-DF aproveitou para entregar um kit com ferramentas, adubos e sementes para produ\u00e7\u00e3o de hortas dom\u00e9sticas para a produtora Maria Luzinete. Antes da pandemia, ela fez o curso e participou do \u00faltimo curso de hortas dom\u00e9sticas da empresa, em parceria com a Funda\u00e7\u00e3o Rural. \u201c\u00c9 um programa que ajuda a fam\u00edlia a cultivar para o pr\u00f3prio sustento, garante hortali\u00e7a de qualidade e envolve a fam\u00edlia na atividade produtiva. O kit \u00e9 entregue a todas as participantes, mas a Luzinete teve dengue e ainda n\u00e3o havia recebido\u201d, explicou Kleiton.<\/p>\n<p>_____________________________________________<\/p>\n<p>Candido Teles assume Secretaria de Agricultura do DF<\/p>\n<p><a href=\"https:\/\/jornaldoplanalto.com.br\/web\/wp-content\/uploads\/2020\/06\/Novo_Secret\u00e1rio_Agricultura.jpg\"><img decoding=\"async\" class=\"alignnone size-full wp-image-22325\" src=\"https:\/\/jornaldoplanalto.com.br\/web\/wp-content\/uploads\/2020\/06\/Novo_Secret\u00e1rio_Agricultura.jpg\" alt=\"\" width=\"1111\" height=\"740\" \/><\/a><\/p>\n<p>O novo secret\u00e1rio de Agricultura do Distrito Federal \u00e9 Candido Teles de Ara\u00fajo. Luciano Mendes, que ocupava a pasta, assumiu como secret\u00e1rio executivo de Agricultura.<\/p>\n<p>Teles \u00e9 advogado e funcion\u00e1rio aposentado da Empresa Brasileira de Pesquisa Agropecu\u00e1ria (Embrapa), onde iniciou sua vida profissional, atuou por 32 anos, sendo por 10 anos chefe da assessoria jur\u00eddica da empresa p\u00fablica federal.<\/p>\n<p>Candido Teles \u00e9 natural de Crate\u00fas no Cear\u00e1 e veio para Bras\u00edlia em 1960. Foi deputado estadual pelo estado do Mato Grosso, onde chegou em 1969. O novo secret\u00e1rio de Agricultura \u00e9 produtor rural e formado em Direito e Administra\u00e7\u00e3o de Empresas pelo Centro Universit\u00e1rio UDF.<\/p>\n<p>Antes de assumir a pasta da Agricultura, Candido Teles estava no comando da Novacap, desde abril do ano passado.<\/p>\n<p>\u201c\u00c9 um prazer muito grande voltar \u00e0 \u00e1rea da agricultura. Comecei a minha vida profissional na Embrapa, e agora devo ficar uma temporada aqui na Secretaria de Agricultura, procurando estreitar esse caminho e encurtar a dist\u00e2ncia entre o produtor rural e a Secretaria, assim como seus t\u00e9cnicos e as pessoas que precisam receber as orienta\u00e7\u00f5es. \u00c9 um desafio grande, mas \u00e9 honroso. Estamos juntos, para construir uma agricultura melhor, mais forte e mais robusta para o desenvolvimento do Distrito Federal e do Brasil\u201d, afirmou o novo secret\u00e1rio de Agricultura do Distrito Federal, Candido Teles de Ara\u00fajo.<\/p>\n<p>_______________________________________________<\/p>\n<h3>Seagri entrega trator para produtores da Aprontag<\/h3>\n<p>A Secretaria de Agricultura do Distrito Federal (Seagri) entregou, no dia 03\/06, um trator para a Associa\u00e7\u00e3o dos Produtores Rurais de Taguatinga (Aprontag). O equipamento, adquirido com recursos do Fundo de Desenvolvimento Rural (FDR), vai beneficiar, de imediato, os 28 produtores ligados \u00e0 Associa\u00e7\u00e3o.\u2063\u2063<\/p>\n<p>O secret\u00e1rio de Agricultura, Luciano Mendes, ressaltou a import\u00e2ncia da\u00a0<a href=\"http:\/\/www.sinj.df.gov.br\/sinj\/Norma\/343823ecfddc49aa9c9421910c08cf30\/Lei_6606_28_05_2020.html\">Lei n\u00ba 6.606, de 28 de maio de 2020<\/a>, que cria o Fundo Distrital de Desenvolvimento Rural do Distrito Federal (FDR), que ir\u00e1 ajudar a impulsionar o desenvolvimento rural no DF. \u201cCom a aprova\u00e7\u00e3o da Lei, existe a previs\u00e3o de entrar cerca de R$ 3 milh\u00f5es de reais em 2020, por meio do FDR, para a Secretaria de Agricultura. Pode parecer pouco, mas n\u00f3s vamos conseguir fazer muito com esses recursos\u201d, afirmou.<\/p>\n<p>Mendes tamb\u00e9m ressaltou que o novo Fundo trouxe como novidade o FDR Habita\u00e7\u00e3o, que financia a constru\u00e7\u00e3o e a reforma de habita\u00e7\u00f5es nas \u00e1reas rurais, e o Fundo de Aval, que serve como garantia para os produtores na hora do financiamento. \u201cO produtor que quiser fazer um financiamento e tiver alguma dificuldade de garantia, pode contratar o Fundo de Aval, que nada mais \u00e9 que um fundo garantidor de cr\u00e9dito que n\u00f3s temos na agricultura. Essa modifica\u00e7\u00e3o na Lei foi assertiva e r\u00e1pida e eu espero que traga resultados para os produtores\u201d, ressaltou o secret\u00e1rio.<\/p>\n<p>A presidente da Emater-DF, Denise Fonseca, parabenizou a Associa\u00e7\u00e3o pela conquista. \u201cN\u00f3s da Emater, atuamos diretamente no Fundo. Eu sou conselheira do Fundo, votei e sempre vou votar a favor do produtor, porque a Emater existe para isso. O trabalho que voc\u00eas fazem na preserva\u00e7\u00e3o ambiental aqui \u00e9 s\u00f3 gratid\u00e3o. A Emater est\u00e1 de portas abertas. Estamos na rua, na linha de frente, porque a produ\u00e7\u00e3o n\u00e3o pode parar. Contem com a Emater em todas as situa\u00e7\u00f5es\u201d, disse.\u2063\u2063<\/p>\n<p>O presidente da Aprontag e produtor rural, Claudio Pires,\u00a0falou sobre a import\u00e2ncia da concess\u00e3o desse trator pela Secretaria de Agricultura e\u00a0que o governo est\u00e1 avan\u00e7ando muito na \u00e1rea rural. \u201cN\u00f3s sabemos do trabalho s\u00e9rio e da parceria da Seagri e da Emater, e esse trator ser\u00e1 muito importante para todos os associados da Aprontag. Essa m\u00e1quina n\u00e3o vai ficar parada\u201d, afirmou.<\/p>\n<p>A agricultora Maria Abadia, do s\u00edtio Geranium, agradeceu a iniciativa e pediu uni\u00e3o do setor rural nesse momento de crise. \u201cQue a gente possa mudar essa palavra \u2018crise\u2019 para \u2018crie\u2019. A oportunidade que essa pandemia est\u00e1 dando \u00e9 a de reflex\u00e3o para a a\u00e7\u00e3o.\u201d\u2063\u2063<\/p>\n<p><strong>Manuten\u00e7\u00e3o do espa\u00e7o rural<\/strong><\/p>\n<p>O secret\u00e1rio executivo da Agricultura, Vilmar Angelo, disse que o espa\u00e7o rural deve ser mantido e que a Seagri est\u00e1 trabalhando para que aquela \u00e1rea, utilizada pelos produtores, seja mantida. \u201cEstamos buscando mecanismos para fazer acontecer e buscando tamb\u00e9m a transfer\u00eancia patrimonial dessa \u00e1rea para a Secretaria da Agricultura, para a manuten\u00e7\u00e3o desse espa\u00e7o. Sabemos da import\u00e2ncia ambiental dessa regi\u00e3o e voc\u00eas t\u00eam um parceiro muito forte, que \u00e9 a Secretaria da Agricultura\u201d, afirmou Vilmar.<\/p>\n<p>(Ascom da Emater-DF e Seagri\/DF)<\/p>\n<p>&nbsp;<\/p>\n<p>&nbsp;<\/p>\n","protected":false},"excerpt":{"rendered":"<p>O Programa Nacional da Agricultura Familiar (Pronaf) ter\u00e1 dispon\u00edvel R$ 33 bilh\u00f5es para financiar a produ\u00e7\u00e3o de pequenos agricultores na safra 2020\/2021 e redu\u00e7\u00e3o na taxa de juros. O an\u00fancio foi feito no lan\u00e7amento do Plano Safra pelo Minist\u00e9rio da Agricultura, no dia 17\/06. No total, o governo vai disponibilizar R$ 236,3 bilh\u00f5es em cr\u00e9dito [&hellip;]<\/p>\n","protected":false},"author":3,"featured_media":22321,"comment_status":"open","ping_status":"open","sticky":false,"template":"","format":"standard","meta":{"footnotes":""},"categories":[13],"tags":[],"class_list":["post-22447","post","type-post","status-publish","format-standard","has-post-thumbnail","hentry","category-outros"],"_links":{"self":[{"href":"https:\/\/jornalcandango.com.br\/index.php?rest_route=\/wp\/v2\/posts\/22447","targetHints":{"allow":["GET"]}}],"collection":[{"href":"https:\/\/jornalcandango.com.br\/index.php?rest_route=\/wp\/v2\/posts"}],"about":[{"href":"https:\/\/jornalcandango.com.br\/index.php?rest_route=\/wp\/v2\/types\/post"}],"author":[{"embeddable":true,"href":"https:\/\/jornalcandango.com.br\/index.php?rest_route=\/wp\/v2\/users\/3"}],"replies":[{"embeddable":true,"href":"https:\/\/jornalcandango.com.br\/index.php?rest_route=%2Fwp%2Fv2%2Fcomments&post=22447"}],"version-history":[{"count":0,"href":"https:\/\/jornalcandango.com.br\/index.php?rest_route=\/wp\/v2\/posts\/22447\/revisions"}],"wp:featuredmedia":[{"embeddable":true,"href":"https:\/\/jornalcandango.com.br\/index.php?rest_route=\/"}],"wp:attachment":[{"href":"https:\/\/jornalcandango.com.br\/index.php?rest_route=%2Fwp%2Fv2%2Fmedia&parent=22447"}],"wp:term":[{"taxonomy":"category","embeddable":true,"href":"https:\/\/jornalcandango.com.br\/index.php?rest_route=%2Fwp%2Fv2%2Fcategories&post=22447"},{"taxonomy":"post_tag","embeddable":true,"href":"https:\/\/jornalcandango.com.br\/index.php?rest_route=%2Fwp%2Fv2%2Ftags&post=22447"}],"curies":[{"name":"wp","href":"https:\/\/api.w.org\/{rel}","templated":true}]}}