{"id":22443,"date":"2020-06-22T09:26:18","date_gmt":"2020-06-22T12:26:18","guid":{"rendered":"https:\/\/jornaldoplanalto.com.br\/web\/?p=22267"},"modified":"2020-06-22T09:26:18","modified_gmt":"2020-06-22T12:26:18","slug":"para-toffoli-quem-da-a-ultima-palavra-e-o-supremo","status":"publish","type":"post","link":"https:\/\/jornalcandango.com.br\/?p=22443","title":{"rendered":"Para Toffoli, quem d\u00e1 a \u00faltima palavra \u00e9 o Supremo"},"content":{"rendered":"<p>O presidente do Supremo Tribunal Federal (STF), ministro Dias Toffoli, disse que, de acordo com a Constitui\u00e7\u00e3o de 1988, n\u00e3o \u00e9 mais poss\u00edvel \u00e0s For\u00e7as Armadas agirem como um poder moderador sobre os demais poderes da Rep\u00fablica.<img decoding=\"async\" src=\"https:\/\/i0.wp.com\/agenciabrasil.ebc.com.br\/ebc.png?ssl=1\" width=\"1\" height=\"1\" \/><\/p>\n<p>Ap\u00f3s citar o Artigo 142 da Constitui\u00e7\u00e3o, que trata das atribui\u00e7\u00f5es das For\u00e7as Armadas, Toffoli disse que a Carta de 1988 \u201cafirmou que quem \u00e9 o guardi\u00e3o da Constitui\u00e7\u00e3o \u00e9 o Supremo Tribunal Federal. N\u00e3o \u00e9 mais poss\u00edvel For\u00e7as Armadas como poder moderador\u201d.<\/p>\n<div id=\"main\">\n<div class=\"post-entry\">\n<p>O presidente do Supremo Tribunal Federal (STF), ministro Dias Toffoli, disse que, de acordo com a Constitui\u00e7\u00e3o de 1988, n\u00e3o \u00e9 mais poss\u00edvel \u00e0s For\u00e7as Armadas agirem como um poder moderador sobre os demais poderes da Rep\u00fablica.<img decoding=\"async\" src=\"https:\/\/i0.wp.com\/agenciabrasil.ebc.com.br\/ebc.png?ssl=1\" width=\"1\" height=\"1\" \/><\/p>\n<p>A declara\u00e7\u00e3o foi dada durante uma videoconfer\u00eancia com o tema O Papel do STF em Tempos de Crise, organizada pelo grupo Prerrogativas, de defesa das prerrogativas profissionais dos advogados. Toffoli respondeu a uma pergunta gravada pelo ex-presidente Jos\u00e9 Sarney, que o questionou sobre os desafios atuais de exercer a presid\u00eancia do Supremo.<\/p>\n<p>Toffoli fez uma longa exposi\u00e7\u00e3o, citando diversos juristas e historiadores, na qual falou sobre diferentes papeis desempenhados pelas For\u00e7as Armadas ao longo da hist\u00f3ria do pa\u00eds, inclusive no que chamou de \u201cmovimento\u201d de 1964, em refer\u00eancia ao per\u00edodo do regime militar. Esse foi o \u00faltimo momento em que elas foram chamadas a exercer tal poder moderador, frisou o ministro.<\/p>\n<p>O ministro destacou que, depois de os militares deixarem o poder, o pacto alcan\u00e7ado com a cria\u00e7\u00e3o da Constitui\u00e7\u00e3o de 1988 permite somente ao Supremo ser o \u00faltimo garantidor do novo equil\u00edbrio de for\u00e7as.<\/p>\n<p>\u201c[Foi] o pacto poss\u00edvel que foi feito, e o Supremo \u00e9 o guardi\u00e3o desse pacto, ningu\u00e9m mais\u201d, disse ele. \u201cObviamente que todos t\u00eam que cumprir a Constitui\u00e7\u00e3o e que todos s\u00e3o guardi\u00f5es da Constitui\u00e7\u00e3o, mas o guardi\u00e3o \u00faltimo \u00e9 o Supremo Tribunal Federal\u201d, afirmou.<\/p>\n<p>O ministro acrescentou esse \u00e9 o quadro \u201cque temos\u201d e que, apesar de desagradar a muitos, cabe somente a ele, na condi\u00e7\u00e3o de presidente da institui\u00e7\u00e3o, ser \u201co interlocutor do Supremo Tribunal Federal nas suas rela\u00e7\u00f5es politico-institucionais\u201d.<\/p>\n<p><em>(Ag\u00eancia Brasil)<\/em><\/p>\n<\/div>\n<\/div>\n","protected":false},"excerpt":{"rendered":"<p>O presidente do Supremo Tribunal Federal (STF), ministro Dias Toffoli, disse que, de acordo com a Constitui\u00e7\u00e3o de 1988, n\u00e3o \u00e9 mais poss\u00edvel \u00e0s For\u00e7as Armadas agirem como um poder moderador sobre os demais poderes da Rep\u00fablica. Ap\u00f3s citar o Artigo 142 da Constitui\u00e7\u00e3o, que trata das atribui\u00e7\u00f5es das For\u00e7as Armadas, Toffoli disse que a [&hellip;]<\/p>\n","protected":false},"author":3,"featured_media":22268,"comment_status":"open","ping_status":"open","sticky":false,"template":"","format":"standard","meta":{"footnotes":""},"categories":[15],"tags":[],"class_list":["post-22443","post","type-post","status-publish","format-standard","has-post-thumbnail","hentry","category-brasil"],"_links":{"self":[{"href":"https:\/\/jornalcandango.com.br\/index.php?rest_route=\/wp\/v2\/posts\/22443","targetHints":{"allow":["GET"]}}],"collection":[{"href":"https:\/\/jornalcandango.com.br\/index.php?rest_route=\/wp\/v2\/posts"}],"about":[{"href":"https:\/\/jornalcandango.com.br\/index.php?rest_route=\/wp\/v2\/types\/post"}],"author":[{"embeddable":true,"href":"https:\/\/jornalcandango.com.br\/index.php?rest_route=\/wp\/v2\/users\/3"}],"replies":[{"embeddable":true,"href":"https:\/\/jornalcandango.com.br\/index.php?rest_route=%2Fwp%2Fv2%2Fcomments&post=22443"}],"version-history":[{"count":0,"href":"https:\/\/jornalcandango.com.br\/index.php?rest_route=\/wp\/v2\/posts\/22443\/revisions"}],"wp:featuredmedia":[{"embeddable":true,"href":"https:\/\/jornalcandango.com.br\/index.php?rest_route=\/"}],"wp:attachment":[{"href":"https:\/\/jornalcandango.com.br\/index.php?rest_route=%2Fwp%2Fv2%2Fmedia&parent=22443"}],"wp:term":[{"taxonomy":"category","embeddable":true,"href":"https:\/\/jornalcandango.com.br\/index.php?rest_route=%2Fwp%2Fv2%2Fcategories&post=22443"},{"taxonomy":"post_tag","embeddable":true,"href":"https:\/\/jornalcandango.com.br\/index.php?rest_route=%2Fwp%2Fv2%2Ftags&post=22443"}],"curies":[{"name":"wp","href":"https:\/\/api.w.org\/{rel}","templated":true}]}}