{"id":22439,"date":"2020-06-20T15:08:36","date_gmt":"2020-06-20T18:08:36","guid":{"rendered":"https:\/\/jornaldoplanalto.com.br\/web\/?p=22306"},"modified":"2020-06-20T15:08:36","modified_gmt":"2020-06-20T18:08:36","slug":"mosaico-e-arte-em-3d","status":"publish","type":"post","link":"https:\/\/jornalcandango.com.br\/?p=22439","title":{"rendered":"Mosaico e Arte em 3D"},"content":{"rendered":"<p>At\u00e9 o dia 21 de Agosto de 2020, o premiado mosaicista Will Perena traz para S\u00e3o Sebasti\u00e3o a singularidade de sua Arte. A cidade ter\u00e1 a oportunidade \u00fanica de apreciar suas obras. O Centro Educacional S\u00e3o Francisco, em S\u00e3o Sebasti\u00e3o, receber\u00e1 o projeto &#8220;<em>Artesania em Mosaico e Arte 3D&#8221;<\/em>, em t\u00e9cnica mosaico cer\u00e2mico em 3D e\/ou pintura 3D, apoiado pela Fundo de Apoio \u00e0 Cultura, da Secretaria de Cultura e Economia Criativa do Distrito Federal.<\/p>\n<p>Will Perena tamb\u00e9m \u00e9 serralheiro e pedreiro, ou como ele mesmo costuma dizer: transforma ferro em arte e tijolo e cimento em constru\u00e7\u00e3o. Sua sensibilidade ao art\u00edstico o torna um artes\u00e3o singular, apesar de todas as adversidades de sua origem humilde. Ele possui uma mistura de empreendedor cultural com artista de rua, de artes\u00e3o com criador autodidata. Will j\u00e1 foi convidado para estar em diversos pa\u00edses expondo o seu trabalho. Mas ser\u00e1 justamente em S\u00e3o Sebasti\u00e3o que ele impulsionar\u00e1 o seu talento. O Centro Educacional S\u00e3o Francisco ter\u00e1 sob sua salvaguarda obras destinadas \u00e0 comunidade escolar, que ir\u00e1 aprender as t\u00e9cnicas do artista, e para os interessados em geral. Participe!<\/p>\n<p><strong><em>Servi\u00e7o:<\/em><\/strong><\/p>\n<p>Artesania em Mosaico e arte 3D<br \/>\nCentro Educacional S\u00e3o Francisco<\/p>\n<p>Quadra 17, Lote 100.\u00a0S\u00e3o Sebasti\u00e3o-DF<\/p>\n<p>Aplica\u00e7\u00f5es: P\u00e1tio e muro da escola<\/p>\n<p>De 2 de junho a 21 de agosto de 2020<br \/>\nInforma\u00e7\u00f5es: (61) 99433-5627<\/p>\n<p><a href=\"mailto:willprena@hotmail.com\">willprena@hotmail.com<\/a><\/p>\n<p>_______________________________________________________<\/p>\n<p><strong>Por que o livro &#8220;Os olhos da Escurid\u00e3o&#8221; tornou-se o mais pol\u00eamico de 2020?<\/strong><\/p>\n<p><a href=\"https:\/\/jornaldoplanalto.com.br\/web\/wp-content\/uploads\/2020\/06\/Cultura_junho_Livro_Olhos_Escuridao-1-scaled.jpg\"><img fetchpriority=\"high\" decoding=\"async\" class=\"alignnone size-full wp-image-22311\" src=\"https:\/\/jornaldoplanalto.com.br\/web\/wp-content\/uploads\/2020\/06\/Cultura_junho_Livro_Olhos_Escuridao-1-scaled.jpg\" alt=\"\" width=\"1697\" height=\"2560\" \/><\/a>Em meio \u00e0 pandemia do novo\u00a0coronav\u00edrus, muitos t\u00eam relacionado o atual momento em que vivemos com a obra ficcional\u00a0<a href=\"http:\/\/w.cdgeditora.com.br\/os-olhos-da-escuridao\/\"><strong><em>Os olhos da Escurid\u00e3o<\/em><\/strong><\/a>, escrita em 1981 pelo<strong><em>\u00a0<\/em><\/strong>romancista norte-americano\u00a0<strong>Dean\u00a0Koontz\u00a0<\/strong>e publicado aqui no Brasil pela\u00a0<a href=\"https:\/\/w.cdgeditora.com.br\/\"><strong>Citadel\u00a0Editora<\/strong><\/a>.\u00a0\u00a0Esse livro ganhou as m\u00eddias do mundo por apresentar fatos que coincidem com a atual realidade e pelo avan\u00e7o das Fake News criadas a partir da obra.<\/p>\n<p>Para esclarecer as d\u00favidas sobre\u00a0<em>Os olhos da Escurid\u00e3o<\/em>, separamos quatro curiosidades impressionantes sobre o livro que todos deveriam saber! Confira o que \u00e9<strong><em>\u00a0Fake<\/em><\/strong>\u00a0e o que \u00e9\u00a0<strong><em>Fato<\/em><\/strong>:<\/p>\n<ol>\n<li>A obra originalmente escrita em 1981, ganhou uma modifica\u00e7\u00e3o ainda nos anos 80, que confundiu alguns leitores pelo mundo. Lan\u00e7ado em meio a Guerra Fria entre Estados Unidos e a ex-Uni\u00e3o Sovi\u00e9tica, o nome do v\u00edrus ficcional relatado no livro era\u00a0<strong>Gorki-400,<\/strong>porque teria sido criado pelos Russos. Por\u00e9m, ap\u00f3s o fim da Guerra, o autor realmente mudou o nome para\u00a0<strong>Wuhan-400<\/strong>, mas o novo t\u00edtulo foi apenas uma incr\u00edvel coincid\u00eancia com a cidade que iniciou o surto da COVID-19;<\/li>\n<li>Em \u201c<em>Os olhos da Escurid\u00e3o<\/em>\u201d, a arma biol\u00f3gica viral e altamente letal foi desenvolvida por um cientista chin\u00eas chamado Li Chen, em um laborat\u00f3rio secreto nas proximidades de Wuhan. E curiosamente, no mundo real,\u00a0<strong>Li Chen<\/strong>tamb\u00e9m \u00e9 um cientista chin\u00eas e, ele publicou em 2018 uma pesquisa densa sobre classes de coronav\u00edrus em uma revista especializada, a \u201c<a href=\"https:\/\/www.ncbi.nlm.nih.gov\/pmc\/articles\/PMC6207742\/\"><em>Emerging Microbes &amp; Infections<\/em><\/a><em>&#8220;<\/em>;<\/li>\n<li>Por mais que tenha circulado pelas redes sociais que o livro \u201cpreviu\u201d a atual pandemia, al\u00e9m de mencionar um surto de doen\u00e7as respirat\u00f3rias, como uma pneumonia, que se espalharia pelo mundo em 2020, isso\u00a0<strong>N\u00c3O \u00c9 REAL<\/strong>! O trecho que muitos viram sobre esse assunto, na verdade foi retirado da obra \u201cE<em>nd of Days: Predictions and prophecies about the end of the world<\/em>\u201d, de Sylvia Browne, publicado em 2008. Logo, n\u00e3o tem nada a ver com \u201c<em>Os olhos da Escurid\u00e3o<\/em>\u201d;<\/li>\n<li>O v\u00edrus ficcional Wuhan-400 tem poucas semelhan\u00e7as com a COVID-19. O autor descreve o v\u00edrus como altamente infeccioso e tem manifesta\u00e7\u00e3o em at\u00e9 4 horas, levando o infectado a \u00f3bito imediato. Por outro lado, o novo coronav\u00edrus apresenta um ciclo de infec\u00e7\u00e3o diferente, podendo manifestar a doen\u00e7a de 5 a 14 dias ap\u00f3s o cont\u00e1gio.<\/li>\n<\/ol>\n<p>A obra tamb\u00e9m ganhou um Book Trailer! Para assistir, acesse:\u00a0<a href=\"https:\/\/youtu.be\/vogxPzVDsbY\">https:\/\/youtu.be\/vogxPzVDsbY<\/a><\/p>\n<p><strong>Ficha T\u00e9cnica<\/strong><br \/>\nT\u00edtulo: Os olhos da Escurid\u00e3o<br \/>\nT\u00edtulo original: The Eyes\u00a0of\u00a0Darkness<br \/>\nAutor: Dean\u00a0Koontz<br \/>\nEditora:\u00a0Citadel<br \/>\nEdi\u00e7\u00e3o: 1\u00aa edi\u00e7\u00e3o:\u00a0Abril\u00a02020<br \/>\nP\u00e1ginas:\u00a0272 p\u00e1ginas<br \/>\nISBN:\u00a0978-65-5047-038-8 (f\u00edsico) \/\u00a0978-65-5047-039-5 (e-book)<br \/>\nPre\u00e7o:\u00a0R$ 44,90 (f\u00edsico) \/ R$ 31,90(e-book)<br \/>\nOnde comprar: \u00a0<a href=\"https:\/\/www.amazon.com.br\/dp\/B086XL518S\/ref=tmm_kin_swatch_0?_encoding=UTF8&amp;qid=1586462392&amp;sr=8-5\">Amazon<\/a>;\u00a0\u00a0<a href=\"https:\/\/www.saraiva.com.br\/os-olhos-da-escuridao-10664258\/p\">Saraiva<\/a>;\u00a0<a href=\"https:\/\/www3.livrariacultura.com.br\/os-olhos-da-escuridao-2112265821\/p\">Livraria Cultura<\/a><\/p>\n<p><strong>Sinopse do livro:\u00a0<\/strong>Um ano se passou desde a morte do pequeno Danny. Um ano desde que sua m\u00e3e iniciou o doloroso processo de aceita\u00e7\u00e3o. Mas Tina Evans poderia jurar que acabou de v\u00ea-lo dentro do carro de um estranho. Na \u00faltima perturbadora noite sonhou com seu filho. Ao acordar, foi at\u00e9 o quarto de Danny e para sua surpresa l\u00e1 estava uma mensagem. Tr\u00eas palavras perturbadoras rabiscaram no quadro-negro: N\u00c3O EST\u00c1 MORTO.<\/p>\n<p>Foi a piada sombria de algu\u00e9m? Sua mente pregando pe\u00e7as nela? Ou algo &#8230; mais? Para Tina Evans, era um mist\u00e9rio que ela n\u00e3o podia escapar. Uma obsess\u00e3o que a levar\u00e1 at\u00e9 as \u00faltimas consequ\u00eancias atr\u00e1s da verdade por tr\u00e1s da morte de seu filho. Um terr\u00edvel segredo que n\u00e3o foi visto por ningu\u00e9m, apenas pelos\u00a0<em>Olhos da escurid\u00e3o<\/em>.<br \/>\n<strong>Sobre o autor<\/strong>:\u00a0Dean\u00a0Koontz, autor de v\u00e1rios best-sellers de fic\u00e7\u00e3o nos Estados Unidos, vive no sul da Calif\u00f3rnia com sua esposa,\u00a0Gerda, sua\u00a0golden\u00a0retriever, Elsa, e os esp\u00edritos de seus pets,\u00a0Trixie\u00a0e Anna.<\/p>\n<p>&nbsp;<\/p>\n","protected":false},"excerpt":{"rendered":"<p>At\u00e9 o dia 21 de Agosto de 2020, o premiado mosaicista Will Perena traz para S\u00e3o Sebasti\u00e3o a singularidade de sua Arte. A cidade ter\u00e1 a oportunidade \u00fanica de apreciar suas obras. O Centro Educacional S\u00e3o Francisco, em S\u00e3o Sebasti\u00e3o, receber\u00e1 o projeto &#8220;Artesania em Mosaico e Arte 3D&#8221;, em t\u00e9cnica mosaico cer\u00e2mico em 3D [&hellip;]<\/p>\n","protected":false},"author":3,"featured_media":22310,"comment_status":"open","ping_status":"open","sticky":false,"template":"","format":"standard","meta":{"footnotes":""},"categories":[13],"tags":[],"class_list":["post-22439","post","type-post","status-publish","format-standard","has-post-thumbnail","hentry","category-outros"],"_links":{"self":[{"href":"https:\/\/jornalcandango.com.br\/index.php?rest_route=\/wp\/v2\/posts\/22439","targetHints":{"allow":["GET"]}}],"collection":[{"href":"https:\/\/jornalcandango.com.br\/index.php?rest_route=\/wp\/v2\/posts"}],"about":[{"href":"https:\/\/jornalcandango.com.br\/index.php?rest_route=\/wp\/v2\/types\/post"}],"author":[{"embeddable":true,"href":"https:\/\/jornalcandango.com.br\/index.php?rest_route=\/wp\/v2\/users\/3"}],"replies":[{"embeddable":true,"href":"https:\/\/jornalcandango.com.br\/index.php?rest_route=%2Fwp%2Fv2%2Fcomments&post=22439"}],"version-history":[{"count":0,"href":"https:\/\/jornalcandango.com.br\/index.php?rest_route=\/wp\/v2\/posts\/22439\/revisions"}],"wp:featuredmedia":[{"embeddable":true,"href":"https:\/\/jornalcandango.com.br\/index.php?rest_route=\/"}],"wp:attachment":[{"href":"https:\/\/jornalcandango.com.br\/index.php?rest_route=%2Fwp%2Fv2%2Fmedia&parent=22439"}],"wp:term":[{"taxonomy":"category","embeddable":true,"href":"https:\/\/jornalcandango.com.br\/index.php?rest_route=%2Fwp%2Fv2%2Fcategories&post=22439"},{"taxonomy":"post_tag","embeddable":true,"href":"https:\/\/jornalcandango.com.br\/index.php?rest_route=%2Fwp%2Fv2%2Ftags&post=22439"}],"curies":[{"name":"wp","href":"https:\/\/api.w.org\/{rel}","templated":true}]}}