{"id":22438,"date":"2020-06-20T14:51:53","date_gmt":"2020-06-20T17:51:53","guid":{"rendered":"https:\/\/jornaldoplanalto.com.br\/web\/?p=22299"},"modified":"2020-06-20T14:51:53","modified_gmt":"2020-06-20T17:51:53","slug":"chef-lu-azevedo-investe-em-comidinhas-para-espantar-o-frio","status":"publish","type":"post","link":"https:\/\/jornalcandango.com.br\/?p=22438","title":{"rendered":"Chef Lu Azevedo investe em comidinhas para espantar o frio"},"content":{"rendered":"<p>As temperaturas est\u00e3o baixando e nada como uma comidinha pra aquecer e trazer aquela sensa\u00e7\u00e3o de aconchego. Para esse clima friozinho, a personal chef Lu Azevedo acaba de lan\u00e7ar uma sele\u00e7\u00e3o de caldos e escondidinhos perfeitos para degustar em casa, excelente op\u00e7\u00e3o para esses tempos de recolhimento.<\/p>\n<p>No card\u00e1pio de caldos, batata baroa com ou sem frango, caldo verde, ervilha com bacon, ab\u00f3bora nas vers\u00f5es gengibre ou gorgonzola, e uma vers\u00e3o da tradicional sopa francesa de cebola. As por\u00e7\u00f5es podem ser de 500ml (R$ 25,00) ou 750ml (R$ 35,00).<\/p>\n<p>No rol dos escondidinhos, 4 sabores em por\u00e7\u00f5es de 1 kg (R$ 45,00) : carne de sol, charque, frango cremoso e calabresa.<\/p>\n<p>A chef continua a servir ainda massas que foram um sucesso no Dia das M\u00e3es. Conchiglione de funghi (R$ 55,00), lasanhas de berinjela (R$ 55,00) e com massa tradicional (R$ 45,00) nas vers\u00f5es quatro queijos ou bolonhesa por\u00e7\u00e3o de 1 kg.<\/p>\n<p>Encomendas pelo WhatsApp<\/p>\n<p>(61) 9.9988-9618<\/p>\n<p>(61) 9.8115-0841<\/p>\n<p><a href=\"https:\/\/jornaldoplanalto.com.br\/web\/wp-content\/uploads\/2020\/06\/Cozinha__Cia_Chef_Du_creme_de_abobora.jpg\"><img fetchpriority=\"high\" decoding=\"async\" class=\"alignnone size-full wp-image-22302\" src=\"https:\/\/jornaldoplanalto.com.br\/web\/wp-content\/uploads\/2020\/06\/Cozinha__Cia_Chef_Du_creme_de_abobora.jpg\" alt=\"\" width=\"480\" height=\"506\" \/><\/a><a href=\"https:\/\/jornaldoplanalto.com.br\/web\/wp-content\/uploads\/2020\/06\/Cozinha_Cia_Chef_Du_escondinho_charque.png\"><img decoding=\"async\" class=\"alignnone size-full wp-image-22303\" src=\"https:\/\/jornaldoplanalto.com.br\/web\/wp-content\/uploads\/2020\/06\/Cozinha_Cia_Chef_Du_escondinho_charque.png\" alt=\"\" width=\"589\" height=\"480\" \/><\/a>_________________________________________________<\/p>\n<p>&nbsp;<\/p>\n<p><strong>Comida di Buteco agora faz parte do calend\u00e1rio oficial do DF<\/strong><br \/>\n<em><br \/>\n<\/em>Abril \u00e9 de lei. O Comida di Buteco, concurso que elege o melhor bar do Brasil, entrou agora no calend\u00e1rio oficial do Distrito Federal. A proposta veio do Deputado Leandro Grass, e a lei 6595 foi sancionada pelo governador Ibaneis Rocha, transformando, assim, o m\u00eas de abril como o per\u00edodo oficial do Comida di Buteco no DF. Este ano, em especial, devido \u00e0 pandemia do Covid-19, o concurso aguarda o posicionamento do GDF sobre a reabertura de bares e restaurantes para definir nova data.<\/p>\n<p><a href=\"https:\/\/jornaldoplanalto.com.br\/web\/wp-content\/uploads\/2020\/06\/Cozinha__Cia_Comida_Di_Buteco.jpg\"><img decoding=\"async\" class=\"alignnone size-full wp-image-22304\" src=\"https:\/\/jornaldoplanalto.com.br\/web\/wp-content\/uploads\/2020\/06\/Cozinha__Cia_Comida_Di_Buteco.jpg\" alt=\"\" width=\"640\" height=\"427\" \/><\/a><\/p>\n<p>Servi\u00e7o:<\/p>\n<p>Comida di Buteco Produ\u00e7\u00f5es Gastron\u00f4micas LTDA \u2013 (31) 3342 4519\/3452<\/p>\n<p>Facebook: \/comidadibuteco<\/p>\n<p>Instagram: _comidadibuteco<\/p>\n<p>Twitter: @_comidadibuteco<\/p>\n<p>Site:\u00a0<a href=\"http:\/\/comidadibuteco.com.br\/\">comidadibuteco.com.br<\/a><\/p>\n<p>&nbsp;<\/p>\n","protected":false},"excerpt":{"rendered":"<p>As temperaturas est\u00e3o baixando e nada como uma comidinha pra aquecer e trazer aquela sensa\u00e7\u00e3o de aconchego. Para esse clima friozinho, a personal chef Lu Azevedo acaba de lan\u00e7ar uma sele\u00e7\u00e3o de caldos e escondidinhos perfeitos para degustar em casa, excelente op\u00e7\u00e3o para esses tempos de recolhimento. No card\u00e1pio de caldos, batata baroa com ou [&hellip;]<\/p>\n","protected":false},"author":3,"featured_media":22301,"comment_status":"open","ping_status":"open","sticky":false,"template":"","format":"standard","meta":{"footnotes":""},"categories":[13],"tags":[],"class_list":["post-22438","post","type-post","status-publish","format-standard","has-post-thumbnail","hentry","category-outros"],"_links":{"self":[{"href":"https:\/\/jornalcandango.com.br\/index.php?rest_route=\/wp\/v2\/posts\/22438","targetHints":{"allow":["GET"]}}],"collection":[{"href":"https:\/\/jornalcandango.com.br\/index.php?rest_route=\/wp\/v2\/posts"}],"about":[{"href":"https:\/\/jornalcandango.com.br\/index.php?rest_route=\/wp\/v2\/types\/post"}],"author":[{"embeddable":true,"href":"https:\/\/jornalcandango.com.br\/index.php?rest_route=\/wp\/v2\/users\/3"}],"replies":[{"embeddable":true,"href":"https:\/\/jornalcandango.com.br\/index.php?rest_route=%2Fwp%2Fv2%2Fcomments&post=22438"}],"version-history":[{"count":0,"href":"https:\/\/jornalcandango.com.br\/index.php?rest_route=\/wp\/v2\/posts\/22438\/revisions"}],"wp:featuredmedia":[{"embeddable":true,"href":"https:\/\/jornalcandango.com.br\/index.php?rest_route=\/wp\/v2\/posts\/22301"}],"wp:attachment":[{"href":"https:\/\/jornalcandango.com.br\/index.php?rest_route=%2Fwp%2Fv2%2Fmedia&parent=22438"}],"wp:term":[{"taxonomy":"category","embeddable":true,"href":"https:\/\/jornalcandango.com.br\/index.php?rest_route=%2Fwp%2Fv2%2Fcategories&post=22438"},{"taxonomy":"post_tag","embeddable":true,"href":"https:\/\/jornalcandango.com.br\/index.php?rest_route=%2Fwp%2Fv2%2Ftags&post=22438"}],"curies":[{"name":"wp","href":"https:\/\/api.w.org\/{rel}","templated":true}]}}