{"id":22435,"date":"2020-06-19T12:22:12","date_gmt":"2020-06-19T15:22:12","guid":{"rendered":"https:\/\/jornaldoplanalto.com.br\/web\/?p=22258"},"modified":"2020-06-19T12:22:12","modified_gmt":"2020-06-19T15:22:12","slug":"weintraub-troca-educacao-pelo-banco-mundial","status":"publish","type":"post","link":"https:\/\/jornalcandango.com.br\/?p=22435","title":{"rendered":"Weintraub troca Educa\u00e7\u00e3o pelo Banco Mundial"},"content":{"rendered":"<p>Em v\u00eddeo publicado nas redes sociais, nesta quinta-feira (18), Abraham Weintraub anunciou<br \/>\nsua sa\u00edda do cargo de ministro da Educa\u00e7\u00e3o, que ocupava desde abril de 2019. Na grava\u00e7\u00e3o,<br \/>\nele aparece ao lado do presidente Jair Bolsonaro. Economista, ele assumir\u00e1 um cargo de<br \/>\ndiretor no Banco Mundial, que tem sede em Washington, nos Estados Unidos.<br \/>\n\u201cSim, dessa vez \u00e9 verdade. Eu to saindo do MEC [Minist\u00e9rio da Educa\u00e7\u00e3o], vou come\u00e7ar a<br \/>\ntransi\u00e7\u00e3o agora e, nos pr\u00f3ximos dias, passo o bast\u00e3o para o ministro que vai ficar no meu<br \/>\nlugar, interino ou defnitivo\u201d, afirmou Weintraub.<br \/>\n\u201cN\u00e3o quero discutir os motivos da minha sa\u00edda, n\u00e3o cabe. O importante \u00e9 dizer que recebi o<br \/>\nconvite para ser diretor de um banco, eu j\u00e1 fui diretor de um banco no passado, volto ao<br \/>\nmesmo cargo, por\u00e9m, no Banco Mundial. O presidente j\u00e1 referendou. Com isso, eu, a minha<br \/>\nesposa, os nossos filhos, e at\u00e9 a nossa cachorrinha, Capitu, a gente vai ter a seguran\u00e7a<br \/>\nque\u00a0hoje\u00a0me est\u00e1 deixando preocupado\u201d, acrescentou.<br \/>\nO agora ex-ministro disse que seguir\u00e1 apoiando o presidente da Rep\u00fablica e que compartilha<br \/>\ndos mesmos valores, citando\u00a0fam\u00edlia, liberdade, franqueza e patriotismo.\u00a0Ap\u00f3s o an\u00fancio de<br \/>\nWeintraub, Jair Bolsonaro declarou que o \u201cmomento \u00e9 dif\u00edcil\u201d, mas que mant\u00e9m os mesmos<br \/>\ncompromissos assumidos durante a campanha.<br \/>\n\u201c\u00c9 um momento dif\u00edcil. Todos os meus compromissos de campanha continuam em p\u00e9, e busco<br \/>\nimplement\u00e1-los da melhor maneira poss\u00edvel. Todos que est\u00e3o nos ouvindo agora s\u00e3o maiores<br \/>\nde idade e sabem o que o Brasil est\u00e1 passando, e o momento \u00e9 de confian\u00e7a. Jamais<br \/>\ndeixaremos de lutar por liberdade\u201d, afirmou.<br \/>\nO governo ainda n\u00e3o confirmou quem assumir\u00e1 o MEC no lugar de Abraham Weintraub.<br \/>\n(Ag\u00eancia Brasil)<\/p>\n","protected":false},"excerpt":{"rendered":"<p>Em v\u00eddeo publicado nas redes sociais, nesta quinta-feira (18), Abraham Weintraub anunciou sua sa\u00edda do cargo de ministro da Educa\u00e7\u00e3o, que ocupava desde abril de 2019. Na grava\u00e7\u00e3o, ele aparece ao lado do presidente Jair Bolsonaro. Economista, ele assumir\u00e1 um cargo de diretor no Banco Mundial, que tem sede em Washington, nos Estados Unidos. \u201cSim, [&hellip;]<\/p>\n","protected":false},"author":3,"featured_media":22259,"comment_status":"open","ping_status":"open","sticky":false,"template":"","format":"standard","meta":{"footnotes":""},"categories":[15],"tags":[],"class_list":["post-22435","post","type-post","status-publish","format-standard","has-post-thumbnail","hentry","category-brasil"],"_links":{"self":[{"href":"https:\/\/jornalcandango.com.br\/index.php?rest_route=\/wp\/v2\/posts\/22435","targetHints":{"allow":["GET"]}}],"collection":[{"href":"https:\/\/jornalcandango.com.br\/index.php?rest_route=\/wp\/v2\/posts"}],"about":[{"href":"https:\/\/jornalcandango.com.br\/index.php?rest_route=\/wp\/v2\/types\/post"}],"author":[{"embeddable":true,"href":"https:\/\/jornalcandango.com.br\/index.php?rest_route=\/wp\/v2\/users\/3"}],"replies":[{"embeddable":true,"href":"https:\/\/jornalcandango.com.br\/index.php?rest_route=%2Fwp%2Fv2%2Fcomments&post=22435"}],"version-history":[{"count":0,"href":"https:\/\/jornalcandango.com.br\/index.php?rest_route=\/wp\/v2\/posts\/22435\/revisions"}],"wp:featuredmedia":[{"embeddable":true,"href":"https:\/\/jornalcandango.com.br\/index.php?rest_route=\/"}],"wp:attachment":[{"href":"https:\/\/jornalcandango.com.br\/index.php?rest_route=%2Fwp%2Fv2%2Fmedia&parent=22435"}],"wp:term":[{"taxonomy":"category","embeddable":true,"href":"https:\/\/jornalcandango.com.br\/index.php?rest_route=%2Fwp%2Fv2%2Fcategories&post=22435"},{"taxonomy":"post_tag","embeddable":true,"href":"https:\/\/jornalcandango.com.br\/index.php?rest_route=%2Fwp%2Fv2%2Ftags&post=22435"}],"curies":[{"name":"wp","href":"https:\/\/api.w.org\/{rel}","templated":true}]}}