{"id":22335,"date":"2020-06-20T16:24:41","date_gmt":"2020-06-20T19:24:41","guid":{"rendered":"https:\/\/jornaldoplanalto.com.br\/web\/?p=22335"},"modified":"2020-06-20T16:24:41","modified_gmt":"2020-06-20T19:24:41","slug":"wanessa-camargo-lanca-w-doc-documentario-sobre-os-20-anos-de-carr","status":"publish","type":"post","link":"https:\/\/jornalcandango.com.br\/?p=22335","title":{"rendered":"Wanessa Camargo lan\u00e7a &#8220;W.DOC&#8221;, document\u00e1rio sobre os 20 anos de carr"},"content":{"rendered":"<p>No dia 07\/06, Wanessa Camargo deu continuidade \u00e0s comemora\u00e7\u00f5es de seus 20 anos de carreira e lan\u00e7ou a primeira parte de &#8220;W.DOC&#8221;, que fala sobre o primeiro ano de carreira e detalhes do lan\u00e7amento do \u00e1lbum de estreia, em 2000.<\/p>\n<p>Ap\u00f3s o lan\u00e7amento do EP \u201cFragmentos, Pt I\u201d, que j\u00e1 est\u00e1 dispon\u00edvel em todos os aplicativos de m\u00fasica e YouTube, a cantora liberou a segunda parte do projeto \u201cUni\/Verso\u201d que contar\u00e1 a hist\u00f3ria dos 20 anos de carreira.<\/p>\n<p>\u201cW.DOC\u201d ser\u00e1 uma se\u0301rie de documenta\u0301rios onde Wanessa falar\u00e1 abertamente sobre tudo que aconteceu em cada fase de sua carreira da forma mais sincera e direta.<\/p>\n<p>Confira:\u00a0<a href=\"https:\/\/youtu.be\/Mno1iCZdmYI\">https:\/\/youtu.be\/Mno1iCZdmYI<\/a><\/p>\n<p>Comemorando oficialmente vinte anos de carreira no dia 11 de outubro de 2020, Wanessa programou diversas a\u00e7\u00f5es para festejar esse grandioso marco que contar\u00e1 com conte\u00fados in\u00e9ditos, entre singles, EPs, releituras de m\u00fasicas, lives, minidocument\u00e1rios e outros materiais exclusivos. Ao todo ser\u00e3o vinte a\u00e7\u00f5es at\u00e9 a data oficial da comemora\u00e7\u00e3o, dia em que ser\u00e1 anunciado o projeto \u201cUni\/Verso\u201d, composto por todo conte\u00fado lan\u00e7ado at\u00e9 ent\u00e3o.<\/p>\n<p>_______________________________________________<\/p>\n<p>Atriz brasiliense pode integrar espet\u00e1culo da Broadway<\/p>\n<p><a href=\"https:\/\/jornaldoplanalto.com.br\/web\/wp-content\/uploads\/2020\/06\/Maurilio_Catarina_Broadway.jpg\"><img fetchpriority=\"high\" decoding=\"async\" class=\"alignleft wp-image-22337 size-thumb_380x285\" src=\"https:\/\/jornaldoplanalto.com.br\/web\/wp-content\/uploads\/2020\/06\/Maurilio_Catarina_Broadway-380x285.jpg\" alt=\"\" width=\"380\" height=\"285\" \/><\/a><\/p>\n<p><strong>\u00a0<\/strong>Catarina \u00e9 filha do advogado brasiliense Luis Afonso Costa de Medeiros e de Clarice. Os amigos e familiares est\u00e3o engajados em divulgar e ajudar na vota\u00e7\u00e3o.<\/p>\n<p>Graduada em Teatro Musical pela American Musical and Dramatic Academy \u2013 AMDA, de Nova York, a atriz brasiliense radicada em Nova York, Catarina Kirst, continua na luta por uma vaga em um espet\u00e1culo da Broadway. Um concurso est\u00e1 sendo promovido na internet.<\/p>\n<p>&nbsp;<\/p>\n<p>Para votar \u00e9 s\u00f3 acessar o link <a href=\"https:\/\/www.broadwayworld.com\/nextonstage\/nominees.cfm\">https:\/\/www.broadwayworld.com\/nextonstage\/nominees.cfm<\/a><\/p>\n<p>_______________________________________________<\/p>\n<p>Quadradim<\/p>\n<p><a href=\"https:\/\/jornaldoplanalto.com.br\/web\/wp-content\/uploads\/2020\/06\/Maurilio_Quadradim.jpeg\"><img decoding=\"async\" class=\"alignnone size-full wp-image-22338\" src=\"https:\/\/jornaldoplanalto.com.br\/web\/wp-content\/uploads\/2020\/06\/Maurilio_Quadradim.jpeg\" alt=\"\" width=\"640\" height=\"360\" \/><\/a><\/p>\n<p>O Quadradim \u00e9 um canal de humor disponibilizado no Youtube e nas redes sociais, que retrata as peculiaridades de Bras\u00edlia. Toda quinta-feira \u00e9 lan\u00e7ado um novo esquete com os atores brasilienses, levando humor e boas risadas para a popula\u00e7\u00e3o candanga. Acesse o canal quadradim.oficial nas redes sociais e morram de rir!<\/p>\n<p>&nbsp;<\/p>\n<p>&nbsp;<\/p>\n","protected":false},"excerpt":{"rendered":"<p>No dia 07\/06, Wanessa Camargo deu continuidade \u00e0s comemora\u00e7\u00f5es de seus 20 anos de carreira e lan\u00e7ou a primeira parte de &#8220;W.DOC&#8221;, que fala sobre o primeiro ano de carreira e detalhes do lan\u00e7amento do \u00e1lbum de estreia, em 2000. Ap\u00f3s o lan\u00e7amento do EP \u201cFragmentos, Pt I\u201d, que j\u00e1 est\u00e1 dispon\u00edvel em todos os [&hellip;]<\/p>\n","protected":false},"author":3,"featured_media":22336,"comment_status":"open","ping_status":"open","sticky":false,"template":"","format":"standard","meta":{"footnotes":""},"categories":[13],"tags":[],"class_list":["post-22335","post","type-post","status-publish","format-standard","has-post-thumbnail","hentry","category-outros"],"_links":{"self":[{"href":"https:\/\/jornalcandango.com.br\/index.php?rest_route=\/wp\/v2\/posts\/22335","targetHints":{"allow":["GET"]}}],"collection":[{"href":"https:\/\/jornalcandango.com.br\/index.php?rest_route=\/wp\/v2\/posts"}],"about":[{"href":"https:\/\/jornalcandango.com.br\/index.php?rest_route=\/wp\/v2\/types\/post"}],"author":[{"embeddable":true,"href":"https:\/\/jornalcandango.com.br\/index.php?rest_route=\/wp\/v2\/users\/3"}],"replies":[{"embeddable":true,"href":"https:\/\/jornalcandango.com.br\/index.php?rest_route=%2Fwp%2Fv2%2Fcomments&post=22335"}],"version-history":[{"count":0,"href":"https:\/\/jornalcandango.com.br\/index.php?rest_route=\/wp\/v2\/posts\/22335\/revisions"}],"wp:featuredmedia":[{"embeddable":true,"href":"https:\/\/jornalcandango.com.br\/index.php?rest_route=\/"}],"wp:attachment":[{"href":"https:\/\/jornalcandango.com.br\/index.php?rest_route=%2Fwp%2Fv2%2Fmedia&parent=22335"}],"wp:term":[{"taxonomy":"category","embeddable":true,"href":"https:\/\/jornalcandango.com.br\/index.php?rest_route=%2Fwp%2Fv2%2Fcategories&post=22335"},{"taxonomy":"post_tag","embeddable":true,"href":"https:\/\/jornalcandango.com.br\/index.php?rest_route=%2Fwp%2Fv2%2Ftags&post=22335"}],"curies":[{"name":"wp","href":"https:\/\/api.w.org\/{rel}","templated":true}]}}