{"id":22293,"date":"2020-06-23T19:49:59","date_gmt":"2020-06-23T19:49:59","guid":{"rendered":"https:\/\/p31noticias.com.br\/?p=22293"},"modified":"2020-06-23T19:49:59","modified_gmt":"2020-06-23T19:49:59","slug":"izalci-volta-a-ser-sondado-para-ocupar-ministerio-da-educacaco","status":"publish","type":"post","link":"https:\/\/jornalcandango.com.br\/?p=22293","title":{"rendered":"Izalci volta a ser sondado para ocupar Minist\u00e9rio da Educa\u00e7\u00e3\u00e7o"},"content":{"rendered":"<p>De acordo com informa\u00e7\u00f5es do site pol\u00edtico do Donny Silva:<\/p>\n<p>Caso a reuni\u00e3o que ocorrer\u00e1 nesta ter\u00e7a-feira (23) entre o presidente Jair Bolsonaro e o secret\u00e1rio de Educa\u00e7\u00e3o do Paran\u00e1, Renato Feder, n\u00e3o for satisfat\u00f3ria, o nome da vez ser\u00e1 o do vice-l\u00edder do governo no Senado Federal, senador Izalci Lucas, considerado experiente em educa\u00e7\u00e3o e ex\u00edmio articulador pol\u00edtico. Segundo fontes, ele j\u00e1 teria sido sondado novamente.<\/p>\n","protected":false},"excerpt":{"rendered":"<p>De acordo com informa\u00e7\u00f5es do site pol\u00edtico do Donny Silva: Caso a reuni\u00e3o que ocorrer\u00e1 nesta ter\u00e7a-feira (23) entre o presidente Jair Bolsonaro e o secret\u00e1rio de Educa\u00e7\u00e3o do Paran\u00e1, Renato Feder, n\u00e3o for satisfat\u00f3ria, o nome da vez ser\u00e1 o do vice-l\u00edder do governo no Senado Federal, senador Izalci Lucas, considerado experiente em educa\u00e7\u00e3o [&hellip;]<\/p>\n","protected":false},"author":3,"featured_media":22294,"comment_status":"open","ping_status":"open","sticky":false,"template":"","format":"standard","meta":{"footnotes":""},"categories":[15,17],"tags":[109,550,551],"class_list":["post-22293","post","type-post","status-publish","format-standard","has-post-thumbnail","hentry","category-brasil","category-brasilia","tag-bolsonaro","tag-izalci","tag-ministerio-da-saude"],"_links":{"self":[{"href":"https:\/\/jornalcandango.com.br\/index.php?rest_route=\/wp\/v2\/posts\/22293","targetHints":{"allow":["GET"]}}],"collection":[{"href":"https:\/\/jornalcandango.com.br\/index.php?rest_route=\/wp\/v2\/posts"}],"about":[{"href":"https:\/\/jornalcandango.com.br\/index.php?rest_route=\/wp\/v2\/types\/post"}],"author":[{"embeddable":true,"href":"https:\/\/jornalcandango.com.br\/index.php?rest_route=\/wp\/v2\/users\/3"}],"replies":[{"embeddable":true,"href":"https:\/\/jornalcandango.com.br\/index.php?rest_route=%2Fwp%2Fv2%2Fcomments&post=22293"}],"version-history":[{"count":0,"href":"https:\/\/jornalcandango.com.br\/index.php?rest_route=\/wp\/v2\/posts\/22293\/revisions"}],"wp:featuredmedia":[{"embeddable":true,"href":"https:\/\/jornalcandango.com.br\/index.php?rest_route=\/"}],"wp:attachment":[{"href":"https:\/\/jornalcandango.com.br\/index.php?rest_route=%2Fwp%2Fv2%2Fmedia&parent=22293"}],"wp:term":[{"taxonomy":"category","embeddable":true,"href":"https:\/\/jornalcandango.com.br\/index.php?rest_route=%2Fwp%2Fv2%2Fcategories&post=22293"},{"taxonomy":"post_tag","embeddable":true,"href":"https:\/\/jornalcandango.com.br\/index.php?rest_route=%2Fwp%2Fv2%2Ftags&post=22293"}],"curies":[{"name":"wp","href":"https:\/\/api.w.org\/{rel}","templated":true}]}}